{"id":10003,"date":"2020-03-17T21:29:24","date_gmt":"2020-03-18T03:29:24","guid":{"rendered":"http:\/\/www.zonaroja.com.mx\/?p=10003"},"modified":"2020-03-17T21:29:27","modified_gmt":"2020-03-18T03:29:27","slug":"oaxaquenos-continuan-actividades-normales-gobiernos-optan-por-suspensiones","status":"publish","type":"post","link":"https:\/\/zonaroja.com.mx\/?p=10003","title":{"rendered":"Oaxaque\u00f1os contin\u00faan actividades normales; gobiernos optan por suspensiones"},"content":{"rendered":"\n<p>Yuridiana\nSosa\/Zona Roja.<\/p>\n\n\n\n<p>Oaxaca de\nJu\u00e1rez, Oax.-&nbsp; La contingencia por el\nCovid-19 en M\u00e9xico y en Oaxaca ante el registro de casos confirmados y\nsospechosos, no detiene las actividades de la poblaci\u00f3n en general. Salir a\ntrabajar, ir a la escuela, salir de compras, son todav\u00eda acciones ordinarias.<\/p>\n\n\n\n<p>&nbsp;Las calles principales del Centro Hist\u00f3rico de\nla capital y sus mercados son puntos importantes de concentraci\u00f3n; visitantes\nde la ciudad que a\u00fan se dan la oportunidad de recorrer los sitios tur\u00edsticos.<\/p>\n\n\n\n<p>Los\nmercados \u201cBenito Ju\u00e1rez\u201d y \u201c20 de noviembre\u201d mantienen sus puertas abiertas sin\nninguna medida particular para prevenir la propagaci\u00f3n del virus. El roce entre\nlos visitantes, locales y for\u00e1neos, en su trayecto por los pasillos es normal.<\/p>\n\n\n\n<p>Por igual\nse mantiene la venta de alimentos en cada uno de los establecimientos. El\npasillo de \u201chumo\u201d, en el marcado \u201c20 de noviembre\u201d es imparable, es atracci\u00f3n,\nes punto de convivencia.<\/p>\n\n\n\n<p>Las actividades comerciales de los negocios establecidos contin\u00faan, por igual las del sector informal que sigan copando las calles.<\/p>\n\n\n\n<figure class=\"wp-block-embed-twitter wp-block-embed is-type-rich is-provider-twitter\"><div class=\"wp-block-embed__wrapper\">\n<div class=\"twitter-tweet\"><blockquote class=\"twitter-tweet\" data-lang=\"es\"><p lang=\"es\" dir=\"ltr\"><a href=\"https:\/\/twitter.com\/hashtag\/CoronavirusEpidemiaGlobal?src=hash&amp;ref_src=twsrc%5Etfw\">#CoronavirusEpidemiaGlobal<\/a><br>Al ritmo de \u201cDespacito\u201d, la vida transcurre con normalidad en el Centro Hist\u00f3rico de la capital de <a href=\"https:\/\/twitter.com\/hashtag\/Oaxaca?src=hash&amp;ref_src=twsrc%5Etfw\">#Oaxaca<\/a>, sus mercados y escuelas. Escasas medidas de prevenci\u00f3n toman oaxaque\u00f1os y visitantes. <a href=\"https:\/\/t.co\/9hsXGJHZ3v\">pic.twitter.com\/9hsXGJHZ3v<\/a><\/p>&mdash; Zona Roja Oaxaca (@MexRoja) <a href=\"https:\/\/twitter.com\/MexRoja\/status\/1240114990922649601?ref_src=twsrc%5Etfw\">18 de marzo de 2020<\/a><\/blockquote><\/div>\n<\/div><\/figure>\n\n\n\n<p>TAMBI\u00c9N\nESCUELAS<\/p>\n\n\n\n<p>Las\nescuelas de nivel b\u00e1sico y media superior se desarrollan de forma ordinaria en\nla mayor parte de la entidad, anteponiendo medidas como proporcionar gel\nantibacterial a los estudiantes y trabajadores en el ingreso al plantel, como\nocurri\u00f3 en el CBTIS 123 del municipio de Santa Luc\u00eda del Camino.<\/p>\n\n\n\n<p>Por otra\nparte, las autoridades municipales en distintos puntos del estado comenzaron\ncon la suspensi\u00f3n de actividades masivas programadas para las siguientes\nsemanas, consideradas primordiales en la etapa de contingencia.<\/p>\n\n\n\n<p>El\nayuntamiento de San Juan Bautista Valle Nacional anunci\u00f3 la suspensi\u00f3n de las\nfiestas anuales que hab\u00edan iniciado este fin de semana, pero que continuar\u00edan\ndurante los siguientes d\u00edas. Por lo que ser\u00e1n pospuestas las actividades\nculturales y art\u00edsticas.<\/p>\n\n\n\n<p>Por su\nparte, el ayuntamiento de San Juan Bautista Tuxtepec inform\u00f3 que todas\nactividades de concentraci\u00f3n masivas quedan pospuestas, entre ellas las de\nobras colectivas, a trav\u00e9s de tequios, as\u00ed como la atenci\u00f3n p\u00fablica a trav\u00e9s\ndel programa Lunes Ciudadano.<\/p>\n\n\n\n<p>Este\nmartes, autoridades del municipio de San Jos\u00e9 Cosolapa, de la regi\u00f3n de la\nCuenca, tambi\u00e9n anunci\u00f3 la suspensi\u00f3n de la feria anual y su carnaval que\niniciar\u00eda este 17 de marzo.<\/p>\n","protected":false},"excerpt":{"rendered":"<p>Yuridiana Sosa\/Zona Roja. Oaxaca de Ju\u00e1rez, Oax.-&nbsp; La contingencia por el Covid-19 en M\u00e9xico y&hellip;<\/p>\n","protected":false},"author":2,"featured_media":10004,"comment_status":"closed","ping_status":"open","sticky":false,"template":"","format":"standard","meta":{"_lmt_disableupdate":"","_lmt_disable":"","_jetpack_memberships_contains_paid_content":false,"footnotes":""},"categories":[109,47],"tags":[1512],"class_list":["post-10003","post","type-post","status-publish","format-standard","has-post-thumbnail","hentry","category-minuto-a-minuto","category-zona-gris","tag-coronavirus-oaxaca"],"jetpack_featured_media_url":"https:\/\/zonaroja.com.mx\/wp-content\/uploads\/2020\/03\/IMG_1090.jpg","jetpack_sharing_enabled":true,"_links":{"self":[{"href":"https:\/\/zonaroja.com.mx\/index.php?rest_route=\/wp\/v2\/posts\/10003","targetHints":{"allow":["GET"]}}],"collection":[{"href":"https:\/\/zonaroja.com.mx\/index.php?rest_route=\/wp\/v2\/posts"}],"about":[{"href":"https:\/\/zonaroja.com.mx\/index.php?rest_route=\/wp\/v2\/types\/post"}],"author":[{"embeddable":true,"href":"https:\/\/zonaroja.com.mx\/index.php?rest_route=\/wp\/v2\/users\/2"}],"replies":[{"embeddable":true,"href":"https:\/\/zonaroja.com.mx\/index.php?rest_route=%2Fwp%2Fv2%2Fcomments&post=10003"}],"version-history":[{"count":1,"href":"https:\/\/zonaroja.com.mx\/index.php?rest_route=\/wp\/v2\/posts\/10003\/revisions"}],"predecessor-version":[{"id":10005,"href":"https:\/\/zonaroja.com.mx\/index.php?rest_route=\/wp\/v2\/posts\/10003\/revisions\/10005"}],"wp:featuredmedia":[{"embeddable":true,"href":"https:\/\/zonaroja.com.mx\/index.php?rest_route=\/wp\/v2\/media\/10004"}],"wp:attachment":[{"href":"https:\/\/zonaroja.com.mx\/index.php?rest_route=%2Fwp%2Fv2%2Fmedia&parent=10003"}],"wp:term":[{"taxonomy":"category","embeddable":true,"href":"https:\/\/zonaroja.com.mx\/index.php?rest_route=%2Fwp%2Fv2%2Fcategories&post=10003"},{"taxonomy":"post_tag","embeddable":true,"href":"https:\/\/zonaroja.com.mx\/index.php?rest_route=%2Fwp%2Fv2%2Ftags&post=10003"}],"curies":[{"name":"wp","href":"https:\/\/api.w.org\/{rel}","templated":true}]}}