{"id":10006,"date":"2020-03-17T22:15:19","date_gmt":"2020-03-18T04:15:19","guid":{"rendered":"http:\/\/www.zonaroja.com.mx\/?p=10006"},"modified":"2020-03-17T22:15:22","modified_gmt":"2020-03-18T04:15:22","slug":"violencia-contra-confederacion-libertad-culpa-del-gobierno-y-de-catem","status":"publish","type":"post","link":"https:\/\/zonaroja.com.mx\/?p=10006","title":{"rendered":"Violencia contra Confederaci\u00f3n Libertad, culpa del gobierno y de CATEM"},"content":{"rendered":"\n<p>Redacci\u00f3n\/Zona\nRoja.<\/p>\n\n\n\n<p>Oaxaca de\nJu\u00e1rez, Oax., 17 de marzo de 2020.- Tras el asesinato de un transportista de su\ngrupo la ma\u00f1ana de este martes en la regi\u00f3n de la Cuenca, la secretaria general\nde la Confederaci\u00f3n Libertad de Trabajadores de M\u00e9xico (CLTM), Guadalupe D\u00edaz\nPantoja, responsabiliz\u00f3 al gobernador Alejandro Murat de no ofrecer las\ngarant\u00edas de seguridad para los oaxaque\u00f1os.<\/p>\n\n\n\n<p>Denunci\u00f3 que\nel homicidio doloso contra Jos\u00e9 Luis Barrientos, agremiado en San Juan Bautista\nTuxtepec, es el reflejo de la tolerancia del gobernador Murat Hinojosa sobre la\nsituaci\u00f3n de violencia que vive el estado, donde el sector transporte de\nacarreo de materiales es afectado.<\/p>\n\n\n\n<p>En conferencia de prensa en la capital, D\u00edaz Pantoja indic\u00f3 que el gobierno estatal es permisivo con los actos de violencia que comente la Confederaci\u00f3n Aut\u00f3noma de Trabajadores y Empleados de M\u00e9xico (CATEM), a quienes adem\u00e1s beneficia con la mayor parte de los contratos para obras p\u00fablicas en el estado.<\/p>\n\n\n\n<figure class=\"wp-block-embed-twitter wp-block-embed is-type-rich is-provider-twitter\"><div class=\"wp-block-embed__wrapper\">\n<div class=\"twitter-tweet\"><blockquote class=\"twitter-tweet\" data-lang=\"es\"><p lang=\"es\" dir=\"ltr\"><a href=\"https:\/\/twitter.com\/hashtag\/OaxacaRojo?src=hash&amp;ref_src=twsrc%5Etfw\">#OaxacaRojo<\/a><br>La dirigente de <a href=\"https:\/\/twitter.com\/CLTMOAXACA?ref_src=twsrc%5Etfw\">@CLTMOAXACA<\/a>, Guadalupe D\u00edaz Pantoja, culp\u00f3 directamente de la violencia homicida al gobernador <a href=\"https:\/\/twitter.com\/alejandromurat?ref_src=twsrc%5Etfw\">@alejandromurat<\/a>; al dirigente del <a href=\"https:\/\/twitter.com\/CatemNacional?ref_src=twsrc%5Etfw\">@CatemNacional<\/a>, <a href=\"https:\/\/twitter.com\/MrJamesPaz?ref_src=twsrc%5Etfw\">@MrJamesPaz<\/a> y <a href=\"https:\/\/twitter.com\/PedrohacesO?ref_src=twsrc%5Etfw\">@PedrohacesO<\/a>, as\u00ed como a <a href=\"https:\/\/twitter.com\/polux100?ref_src=twsrc%5Etfw\">@polux100<\/a>. <a href=\"https:\/\/t.co\/mpuxQYSmOd\">pic.twitter.com\/mpuxQYSmOd<\/a><\/p>&mdash; Zona Roja Oaxaca (@MexRoja) <a href=\"https:\/\/twitter.com\/MexRoja\/status\/1239990743382380544?ref_src=twsrc%5Etfw\">17 de marzo de 2020<\/a><\/blockquote><\/div>\n<\/div><\/figure>\n\n\n\n<p>Responsabiliz\u00f3\na esa organizaci\u00f3n encabezada a nivel estatal por Jaime Paz y a nivel nacional\npor Pedro Haces, de diversos ataques a sus agremiados, pero que no existen\ninvestigaciones, pues existe complicidad con Jos\u00e9 Manuel Vera Salinas, titular\ndel Secretariado Ejecutivo del Sistema Estatal de Seguridad P\u00fablica en Oaxaca.<\/p>\n\n\n\n<p>En\nTuxtepec, agreg\u00f3, se ha registrado el asesinato de dos l\u00edderes transportistas\nde su gremio, el primero de ellos ocurrido en febrero de 2019 contra Carlos\nCobos, tambi\u00e9n dirigente del gremio de taxistas y en ese entonces funcionario\ndel gobierno municipal; y el segundo ocurrido la ma\u00f1ana de este martes.<\/p>\n\n\n\n<p>Aunque estos delitos no los relacion\u00f3 con acciones directas del CATEM, pues a\u00fan no hay presencia de ese grupo en esa zona de la entidad, enfatiz\u00f3 la irresponsabilidad del gobierno del estado para brindar las garant\u00edas laborales a estos sectores.<\/p>\n\n\n\n<figure class=\"wp-block-embed-twitter wp-block-embed is-type-rich is-provider-twitter\"><div class=\"wp-block-embed__wrapper\">\n<div class=\"twitter-tweet\"><blockquote class=\"twitter-tweet\" data-lang=\"es\"><p lang=\"es\" dir=\"ltr\"><a href=\"https:\/\/twitter.com\/hashtag\/OaxacaGris?src=hash&amp;ref_src=twsrc%5Etfw\">#OaxacaGris<\/a><br>\u201cCuando Vera Salinas (<a href=\"https:\/\/twitter.com\/polux100?ref_src=twsrc%5Etfw\">@polux100<\/a>) ten\u00eda a Tu\u00f1\u00f3n como su brazo derecho (en la @ssp_goboaz), es cuando peor nos fue\u2026 a partir del cambio de secretario, la violencia disminuy\u00f3 pero no al cien por ciento\u201d, acus\u00f3 hoy Guadalupe D\u00edaz, dirigente de la Confederaci\u00f3n Libertad. <a href=\"https:\/\/t.co\/LvlZ1jvUiG\">pic.twitter.com\/LvlZ1jvUiG<\/a><\/p>&mdash; Zona Roja Oaxaca (@MexRoja) <a href=\"https:\/\/twitter.com\/MexRoja\/status\/1240046629778075654?ref_src=twsrc%5Etfw\">17 de marzo de 2020<\/a><\/blockquote><\/div>\n<\/div><\/figure>\n\n\n\n<p>Asimismo,\nacus\u00f3 que Vera Salinas utilizaba a la Polic\u00eda Estatal y al entonces titular de\nla Secretar\u00eda de Seguridad P\u00fablica, Jos\u00e9 Raymundo Tu\u00f1\u00f3n, de generar violencia\nhomicida en contra de ellos; una vez que renunciaron a Tu\u00f1\u00f3n, las agresiones\ndisminuyeron.<\/p>\n\n\n\n<p>De la\nmisma manera, se\u00f1al\u00f3 al fiscal General, Rub\u00e9n Vasconcelos M\u00e9ndez, de inventar\ncargos a uno de sus agremiados, por lo cual le pidi\u00f3 declinar la competencia a\nla Fiscal\u00eda General de la Rep\u00fablica.<\/p>\n\n\n\n<p>D\u00edaz Pantoja insisti\u00f3 que el gobernador Murat utiliza a la CATEM para sembrar el terror entre los transportistas, a la vez de favorecerlos con contratos de obras p\u00fablicas y acarreo de materiales, desde la ciudad de M\u00e9xico, con asignaciones directas, lo cual es ilegal.<\/p>\n\n\n\n<figure class=\"wp-block-embed-twitter wp-block-embed is-type-rich is-provider-twitter\"><div class=\"wp-block-embed__wrapper\">\n<div class=\"twitter-tweet\"><blockquote class=\"twitter-tweet\" data-lang=\"es\"><p lang=\"es\" dir=\"ltr\"><a href=\"https:\/\/twitter.com\/hashtag\/OaxacaGris?src=hash&amp;ref_src=twsrc%5Etfw\">#OaxacaGris<\/a><br>El titular de la <a href=\"https:\/\/twitter.com\/FISCALIA_GobOax?ref_src=twsrc%5Etfw\">@FISCALIA_GobOax<\/a>, <a href=\"https:\/\/twitter.com\/RVasconcelosM?ref_src=twsrc%5Etfw\">@RVasconcelosM<\/a>, incompetente para procurar justicia; Guadalupe D\u00edaz Pantoja pidi\u00f3 en conferencia que declare competencia de los casos de la Confederaci\u00f3n Libertad a la Federaci\u00f3n, ante los nulos resultados y fabricaci\u00f3n de culpables. <a href=\"https:\/\/t.co\/IWCxBSuXSx\">pic.twitter.com\/IWCxBSuXSx<\/a><\/p>&mdash; Zona Roja Oaxaca (@MexRoja) <a href=\"https:\/\/twitter.com\/MexRoja\/status\/1240052553464852485?ref_src=twsrc%5Etfw\">17 de marzo de 2020<\/a><\/blockquote><\/div>\n<\/div><\/figure>\n","protected":false},"excerpt":{"rendered":"<p>Redacci\u00f3n\/Zona Roja. Oaxaca de Ju\u00e1rez, Oax., 17 de marzo de 2020.- Tras el asesinato de&hellip;<\/p>\n","protected":false},"author":2,"featured_media":10007,"comment_status":"closed","ping_status":"open","sticky":false,"template":"","format":"standard","meta":{"_lmt_disableupdate":"","_lmt_disable":"","_jetpack_memberships_contains_paid_content":false,"footnotes":""},"categories":[109,51],"tags":[1529],"class_list":["post-10006","post","type-post","status-publish","format-standard","has-post-thumbnail","hentry","category-minuto-a-minuto","category-zona-roja","tag-guadalupe-diaz-pantoja-denuncia-a-alejandro-murat-y-catem"],"jetpack_featured_media_url":"https:\/\/zonaroja.com.mx\/wp-content\/uploads\/2020\/03\/IMG_1377.png","jetpack_sharing_enabled":true,"_links":{"self":[{"href":"https:\/\/zonaroja.com.mx\/index.php?rest_route=\/wp\/v2\/posts\/10006","targetHints":{"allow":["GET"]}}],"collection":[{"href":"https:\/\/zonaroja.com.mx\/index.php?rest_route=\/wp\/v2\/posts"}],"about":[{"href":"https:\/\/zonaroja.com.mx\/index.php?rest_route=\/wp\/v2\/types\/post"}],"author":[{"embeddable":true,"href":"https:\/\/zonaroja.com.mx\/index.php?rest_route=\/wp\/v2\/users\/2"}],"replies":[{"embeddable":true,"href":"https:\/\/zonaroja.com.mx\/index.php?rest_route=%2Fwp%2Fv2%2Fcomments&post=10006"}],"version-history":[{"count":1,"href":"https:\/\/zonaroja.com.mx\/index.php?rest_route=\/wp\/v2\/posts\/10006\/revisions"}],"predecessor-version":[{"id":10008,"href":"https:\/\/zonaroja.com.mx\/index.php?rest_route=\/wp\/v2\/posts\/10006\/revisions\/10008"}],"wp:featuredmedia":[{"embeddable":true,"href":"https:\/\/zonaroja.com.mx\/index.php?rest_route=\/wp\/v2\/media\/10007"}],"wp:attachment":[{"href":"https:\/\/zonaroja.com.mx\/index.php?rest_route=%2Fwp%2Fv2%2Fmedia&parent=10006"}],"wp:term":[{"taxonomy":"category","embeddable":true,"href":"https:\/\/zonaroja.com.mx\/index.php?rest_route=%2Fwp%2Fv2%2Fcategories&post=10006"},{"taxonomy":"post_tag","embeddable":true,"href":"https:\/\/zonaroja.com.mx\/index.php?rest_route=%2Fwp%2Fv2%2Ftags&post=10006"}],"curies":[{"name":"wp","href":"https:\/\/api.w.org\/{rel}","templated":true}]}}