{"id":10014,"date":"2020-03-18T07:37:40","date_gmt":"2020-03-18T13:37:40","guid":{"rendered":"http:\/\/www.zonaroja.com.mx\/?p=10014"},"modified":"2020-03-18T07:37:43","modified_gmt":"2020-03-18T13:37:43","slug":"pedira-congreso-de-oaxaca-crear-fondo-de-contingencia-para-atender-coronavirus","status":"publish","type":"post","link":"https:\/\/zonaroja.com.mx\/?p=10014","title":{"rendered":"Pedir\u00e1 Congreso de Oaxaca crear fondo de contingencia para atender coronavirus"},"content":{"rendered":"\n<p>Redacci\u00f3n\/Zona\nRoja.<\/p>\n\n\n\n<p>Oaxaca de\nJu\u00e1rez, Oax., 18 de marzo de 2020.- Ante la primera fase de contingencia por el\nvirus Covid-19 que se declar\u00f3 en el pa\u00eds, los diputados oaxaque\u00f1os, solicitar\u00e1n\nal Gobierno del Estado la creaci\u00f3n de un fondo de contingencia, con el objetivo\nde tomar las medidas necesarias y evitar la propagaci\u00f3n del virus, anunci\u00f3 el\npresidente de la Junta de Coordinaci\u00f3n Pol\u00edtica, el diputado Horacio Sosa.<\/p>\n\n\n\n<p>Este\nfondo tendr\u00e1 como objetivo garantizar el acceso a la atenci\u00f3n de los oaxaque\u00f1os\nque sean diagnosticados \u201ces necesario atender de manera responsable los casos\nde contagio en la entidad\u201d, se\u00f1al\u00f3 el legislador del Partido Morena.<\/p>\n\n\n\n<p>El\nrepresentante popular dijo que de manera reciente en el municipio de La Ci\u00e9nega,\nZimatl\u00e1n, ya se detect\u00f3 un nuevo caso de coronavirus, y donde hasta el momento\nlas autoridades de salud no han tomado los protocolos necesarios para brindarle\natenci\u00f3n m\u00e9dica y canalizarlo a las instancias de salud.<\/p>\n\n\n\n<p>En cuanto\na la situaci\u00f3n laboral en el Congreso del Estado, dijo que se realizar\u00e1n\nacciones con los trabajadores para tomar las medidas necesarias para\nintensificar el lavado de manos y evitar el contacto f\u00edsico, para evitar\nfuturos contagios.<\/p>\n\n\n\n<p>El\ndiputado local reiter\u00f3 que por el momento no se cancelar\u00e1 la sesi\u00f3n que se\ntiene programada para este mi\u00e9rcoles, tomando todas las medidas sanitarias, por\nlo que pidi\u00f3 a todas las autoridades municipales y personas que acostumbran\nvisitar las instalaciones del Congreso del Estado a que se abstengan de\nrealizarlas.<\/p>\n\n\n\n<p>SUSPENDEN\nACTIVIDADES<\/p>\n\n\n\n<p>Por otra\nparte, en acatamiento a disposiciones de autoridades de salud, respecto a la\nprevenci\u00f3n, cuidado y previsi\u00f3n de contagio del Covid-19, la Comisi\u00f3n de Igualdad\nde G\u00e9nero de la 64 Legislatura del Congreso del Estado, anunci\u00f3 la suspensi\u00f3n\ndel II Congreso Estatal de Mujeres, que tendr\u00eda lugar el pr\u00f3ximo 30 de marzo.<\/p>\n\n\n\n<p>Los\ndiputados Horacio Sosa Villavicencio, presidente de la Junta de Coordinaci\u00f3n\nPol\u00edtica y Jorge Villaca\u00f1a Jim\u00e9nez, presidente de la Mesa Directiva,\nrespectivamente, dieron a conocer que esta decisi\u00f3n se tom\u00f3 atendiendo las\nrecomendaciones y acciones preventivas ante la epidemia del Coronavirus,\ndispuestas por las autoridades del sector salud.<\/p>\n\n\n\n<p>Asimismo,\nel Congreso anunci\u00f3 a los interesadas en participar en el taller denominado \u201cEl\nPoder de la Comunicaci\u00f3n Legislativa\u201d, la suspensi\u00f3n de esta actividad que se\nrealizar\u00eda el pr\u00f3ximo d\u00eda 31 de marzo.<\/p>\n\n\n\n<p>La\nanterior determinaci\u00f3n, se da en seguimiento a todas las medidas de prevenci\u00f3n,\ny preocupaci\u00f3n por la salud de los y las asistentes, participantes y el equipo\nde trabajo.<\/p>\n","protected":false},"excerpt":{"rendered":"<p>Redacci\u00f3n\/Zona Roja. Oaxaca de Ju\u00e1rez, Oax., 18 de marzo de 2020.- Ante la primera fase&hellip;<\/p>\n","protected":false},"author":2,"featured_media":10015,"comment_status":"closed","ping_status":"open","sticky":false,"template":"","format":"standard","meta":{"_lmt_disableupdate":"","_lmt_disable":"","_jetpack_memberships_contains_paid_content":false,"footnotes":""},"categories":[109,46],"tags":[213],"class_list":["post-10014","post","type-post","status-publish","format-standard","has-post-thumbnail","hentry","category-minuto-a-minuto","category-zona-blanca","tag-64-legislatura-de-oaxaca"],"jetpack_featured_media_url":"https:\/\/zonaroja.com.mx\/wp-content\/uploads\/2020\/03\/DSC_6022.jpg","jetpack_sharing_enabled":true,"_links":{"self":[{"href":"https:\/\/zonaroja.com.mx\/index.php?rest_route=\/wp\/v2\/posts\/10014","targetHints":{"allow":["GET"]}}],"collection":[{"href":"https:\/\/zonaroja.com.mx\/index.php?rest_route=\/wp\/v2\/posts"}],"about":[{"href":"https:\/\/zonaroja.com.mx\/index.php?rest_route=\/wp\/v2\/types\/post"}],"author":[{"embeddable":true,"href":"https:\/\/zonaroja.com.mx\/index.php?rest_route=\/wp\/v2\/users\/2"}],"replies":[{"embeddable":true,"href":"https:\/\/zonaroja.com.mx\/index.php?rest_route=%2Fwp%2Fv2%2Fcomments&post=10014"}],"version-history":[{"count":1,"href":"https:\/\/zonaroja.com.mx\/index.php?rest_route=\/wp\/v2\/posts\/10014\/revisions"}],"predecessor-version":[{"id":10016,"href":"https:\/\/zonaroja.com.mx\/index.php?rest_route=\/wp\/v2\/posts\/10014\/revisions\/10016"}],"wp:featuredmedia":[{"embeddable":true,"href":"https:\/\/zonaroja.com.mx\/index.php?rest_route=\/wp\/v2\/media\/10015"}],"wp:attachment":[{"href":"https:\/\/zonaroja.com.mx\/index.php?rest_route=%2Fwp%2Fv2%2Fmedia&parent=10014"}],"wp:term":[{"taxonomy":"category","embeddable":true,"href":"https:\/\/zonaroja.com.mx\/index.php?rest_route=%2Fwp%2Fv2%2Fcategories&post=10014"},{"taxonomy":"post_tag","embeddable":true,"href":"https:\/\/zonaroja.com.mx\/index.php?rest_route=%2Fwp%2Fv2%2Ftags&post=10014"}],"curies":[{"name":"wp","href":"https:\/\/api.w.org\/{rel}","templated":true}]}}