{"id":10017,"date":"2020-03-18T09:00:51","date_gmt":"2020-03-18T15:00:51","guid":{"rendered":"http:\/\/www.zonaroja.com.mx\/?p=10017"},"modified":"2020-03-18T09:00:54","modified_gmt":"2020-03-18T15:00:54","slug":"se-une-la-uabjo-a-suspension-de-clases-a-partir-del-20-de-marzo","status":"publish","type":"post","link":"https:\/\/zonaroja.com.mx\/?p=10017","title":{"rendered":"Se une la UABJO a suspensi\u00f3n de clases a partir del 20 de marzo"},"content":{"rendered":"\n<p>Evlin\nArag\u00f3n\/Zona Roja.<\/p>\n\n\n\n<p>Oaxaca de\nJu\u00e1rez, Oax., 18 de marzo de 2020.- La Universidad Aut\u00f3noma \u201cBenito Ju\u00e1rez\u201d de\nOaxaca (UABJO) anunci\u00f3 que como medida preventiva para evitar el contagio de\nCovid-19, suspender\u00e1n clases a partir de este 20 de marzo, siguiendo las\nindicaciones que hiciera este fin de semana la Secretaria de Educaci\u00f3n P\u00fablica\n(SEP).<\/p>\n\n\n\n<p>Lo\nanterior lo dio a conocer derivado de una reuni\u00f3n con titulares de secretar\u00edas,\nunidades acad\u00e9micas y direcciones estrat\u00e9gicas, as\u00ed como en atenci\u00f3n al acuerdo\n02\/03\/20 publicado en el Diario Oficial de la Federaci\u00f3n, ante la contingencia\nque se registra en el mundo por la propagaci\u00f3n del Coronavirus.<\/p>\n\n\n\n<p>A trav\u00e9s\nde un comunicado, el rector de la m\u00e1xima casa de estudios, Eduardo Bautista\nMart\u00ednez, asegur\u00f3 que la suspensi\u00f3n de clases ser\u00e1 del 20 de marzo al 20 de\nabril con la intenci\u00f3n de salvaguardar la integridad f\u00edsica de la comunidad\nestudiantil, previendo cualquier tipo de contagio masivo que se pueda registrar\nen los pr\u00f3ximos d\u00edas.<\/p>\n\n\n\n<p>Explic\u00f3\nque cada una de las escuelas, facultades o instituto evaluar\u00e1 el uso de\nplataformas digitales para atender los contenidos acad\u00e9micos, as\u00ed mismo que se\ninstal\u00f3 una Comisi\u00f3n T\u00e9cnica de Salud para brindar orientaci\u00f3n especializada,\nas\u00ed como coordinar medidas sanitarias en los diversos espacios universitarios.<\/p>\n\n\n\n<p>Detall\u00f3\nque las actividades administrativas continuar\u00e1n en la instituci\u00f3n, ello con las\nmedidas de precauci\u00f3n correspondientes e incluso este 19 y 20 se realizar\u00e1n los\ntr\u00e1mites de reinscripci\u00f3n, altas y bajas acad\u00e9micas por lo que pidi\u00f3 a la\ncomunidad universitaria cumplir con los diferentes tr\u00e1mites pendientes en la\nm\u00e1xima casa de estudios.<\/p>\n\n\n\n<p>As\u00ed mismo,\nalert\u00f3 a las y los estudiantes a mantener la calma ante la contingencia y estar\npendiente de los avisos oficiales posteriores, as\u00ed como mantener comunicaci\u00f3n\ndirecta con las autoridades de sus respectivas unidades acad\u00e9micas.<\/p>\n\n\n\n<p>Cabe\nse\u00f1alar que este martes reiniciaron las actividades acad\u00e9micas en la UABJO\nluego de m\u00e1s de un mes de huelga por parte del Sindicato de Trabajadores y\nEmpleados que inici\u00f3 el primero de febrero e impidi\u00f3 el arranque del semestre,\nello en perjuicio de m\u00e1s de 26 mil estudiantes que se encuentran en la matr\u00edcula\nuniversitaria.<\/p>\n","protected":false},"excerpt":{"rendered":"<p>Evlin Arag\u00f3n\/Zona Roja. Oaxaca de Ju\u00e1rez, Oax., 18 de marzo de 2020.- La Universidad Aut\u00f3noma&hellip;<\/p>\n","protected":false},"author":2,"featured_media":10018,"comment_status":"closed","ping_status":"open","sticky":false,"template":"","format":"standard","meta":{"_lmt_disableupdate":"","_lmt_disable":"","_jetpack_memberships_contains_paid_content":false,"footnotes":""},"categories":[109,47],"tags":[1512],"class_list":["post-10017","post","type-post","status-publish","format-standard","has-post-thumbnail","hentry","category-minuto-a-minuto","category-zona-gris","tag-coronavirus-oaxaca"],"jetpack_featured_media_url":"https:\/\/zonaroja.com.mx\/wp-content\/uploads\/2020\/03\/UABJO.jpg","jetpack_sharing_enabled":true,"_links":{"self":[{"href":"https:\/\/zonaroja.com.mx\/index.php?rest_route=\/wp\/v2\/posts\/10017","targetHints":{"allow":["GET"]}}],"collection":[{"href":"https:\/\/zonaroja.com.mx\/index.php?rest_route=\/wp\/v2\/posts"}],"about":[{"href":"https:\/\/zonaroja.com.mx\/index.php?rest_route=\/wp\/v2\/types\/post"}],"author":[{"embeddable":true,"href":"https:\/\/zonaroja.com.mx\/index.php?rest_route=\/wp\/v2\/users\/2"}],"replies":[{"embeddable":true,"href":"https:\/\/zonaroja.com.mx\/index.php?rest_route=%2Fwp%2Fv2%2Fcomments&post=10017"}],"version-history":[{"count":1,"href":"https:\/\/zonaroja.com.mx\/index.php?rest_route=\/wp\/v2\/posts\/10017\/revisions"}],"predecessor-version":[{"id":10019,"href":"https:\/\/zonaroja.com.mx\/index.php?rest_route=\/wp\/v2\/posts\/10017\/revisions\/10019"}],"wp:featuredmedia":[{"embeddable":true,"href":"https:\/\/zonaroja.com.mx\/index.php?rest_route=\/wp\/v2\/media\/10018"}],"wp:attachment":[{"href":"https:\/\/zonaroja.com.mx\/index.php?rest_route=%2Fwp%2Fv2%2Fmedia&parent=10017"}],"wp:term":[{"taxonomy":"category","embeddable":true,"href":"https:\/\/zonaroja.com.mx\/index.php?rest_route=%2Fwp%2Fv2%2Fcategories&post=10017"},{"taxonomy":"post_tag","embeddable":true,"href":"https:\/\/zonaroja.com.mx\/index.php?rest_route=%2Fwp%2Fv2%2Ftags&post=10017"}],"curies":[{"name":"wp","href":"https:\/\/api.w.org\/{rel}","templated":true}]}}