{"id":10020,"date":"2020-03-18T09:04:50","date_gmt":"2020-03-18T15:04:50","guid":{"rendered":"http:\/\/www.zonaroja.com.mx\/?p=10020"},"modified":"2020-03-18T09:04:54","modified_gmt":"2020-03-18T15:04:54","slug":"pide-diputada-incorporar-perspectiva-de-genero-en-la-respuesta-a-coronavirus","status":"publish","type":"post","link":"https:\/\/zonaroja.com.mx\/?p=10020","title":{"rendered":"Pide diputada incorporar perspectiva de g\u00e9nero en la respuesta a coronavirus"},"content":{"rendered":"\n<p>Redacci\u00f3n\/Zona\nRoja.<\/p>\n\n\n\n<p>Oaxaca de\nJu\u00e1rez, Oax.- La diputada por el Partido Morena en Oaxaca, Magaly L\u00f3pez Dom\u00ednguez,\nsolicit\u00f3 al Gobierno del Estado incorporar la perspectiva de g\u00e9nero en la\ngesti\u00f3n de respuestas a la pandemia por el coronavirus.<\/p>\n\n\n\n<p>Expres\u00f3\nque las mujeres est\u00e1n en la primera l\u00ednea de respuesta y asumen mayores costos\nf\u00edsicos y emocionales que deben ser tomados en cuenta por las instituciones de gobierno\ny por el sector privado.<\/p>\n\n\n\n<p>\u201cEs\nimportante reconocer y actuar en funci\u00f3n a que con el cierre de escuelas, a\nmuchas mujeres se les incrementar\u00e1 las labores de familia, lo cual puede\nderivar en problemas laborales e incluso en la exposici\u00f3n de menores a\nescenarios de contagio\u201d, se\u00f1al\u00f3 L\u00f3pez Dom\u00ednguez.<\/p>\n\n\n\n<p>En ese\nsentido, pidi\u00f3 al gobierno que encabeza Alejandro Murat, implicar a las mujeres\nen todas las fases de la respuesta y en la toma de decisiones, especialmente a\ngrupos que est\u00e1n recibiendo mayormente el impacto de las crisis como las\nmujeres trabajadoras del sector sanitario, trabajadoras dom\u00e9sticas y del sector\ninformal, as\u00ed como mujeres migrantes.<\/p>\n\n\n\n<p>La\nlegisladora expres\u00f3 que en las medidas que el gobierno ha anunciado ante la\ncontingencia no se dimensiona el impacto que \u00e9stas tendr\u00e1n en la econom\u00eda, e\nincluso en la seguridad de las mujeres oaxaque\u00f1as.<\/p>\n\n\n\n<p>\u201cEs\nimportante que no se descuide los servicios de atenci\u00f3n a mujeres que, en este\ntiempo de confinamiento, podr\u00edan tener mayor contacto con sus agresores en\ncasa\u201d, expres\u00f3 Magaly L\u00f3pez.<\/p>\n\n\n\n<p>Referente\nal dato anterior, la legisladora de Morena cit\u00f3 datos compartido por medios de\ncomunicaci\u00f3n internacionales, en donde se refiere que en China se ha\nidentificado un repunte de casos de violencia familiar, derivado de la\ncuarentena que han iniciado durante hace m\u00e1s de un mes.<\/p>\n","protected":false},"excerpt":{"rendered":"<p>Redacci\u00f3n\/Zona Roja. Oaxaca de Ju\u00e1rez, Oax.- La diputada por el Partido Morena en Oaxaca, Magaly&hellip;<\/p>\n","protected":false},"author":2,"featured_media":7453,"comment_status":"closed","ping_status":"open","sticky":false,"template":"","format":"standard","meta":{"_lmt_disableupdate":"","_lmt_disable":"","_jetpack_memberships_contains_paid_content":false,"footnotes":""},"categories":[109,46],"tags":[192],"class_list":["post-10020","post","type-post","status-publish","format-standard","has-post-thumbnail","hentry","category-minuto-a-minuto","category-zona-blanca","tag-diputada-magaly-lopez-dominguez"],"jetpack_featured_media_url":"https:\/\/zonaroja.com.mx\/wp-content\/uploads\/2020\/01\/Magaly-LD.jpg","jetpack_sharing_enabled":true,"_links":{"self":[{"href":"https:\/\/zonaroja.com.mx\/index.php?rest_route=\/wp\/v2\/posts\/10020","targetHints":{"allow":["GET"]}}],"collection":[{"href":"https:\/\/zonaroja.com.mx\/index.php?rest_route=\/wp\/v2\/posts"}],"about":[{"href":"https:\/\/zonaroja.com.mx\/index.php?rest_route=\/wp\/v2\/types\/post"}],"author":[{"embeddable":true,"href":"https:\/\/zonaroja.com.mx\/index.php?rest_route=\/wp\/v2\/users\/2"}],"replies":[{"embeddable":true,"href":"https:\/\/zonaroja.com.mx\/index.php?rest_route=%2Fwp%2Fv2%2Fcomments&post=10020"}],"version-history":[{"count":1,"href":"https:\/\/zonaroja.com.mx\/index.php?rest_route=\/wp\/v2\/posts\/10020\/revisions"}],"predecessor-version":[{"id":10021,"href":"https:\/\/zonaroja.com.mx\/index.php?rest_route=\/wp\/v2\/posts\/10020\/revisions\/10021"}],"wp:featuredmedia":[{"embeddable":true,"href":"https:\/\/zonaroja.com.mx\/index.php?rest_route=\/wp\/v2\/media\/7453"}],"wp:attachment":[{"href":"https:\/\/zonaroja.com.mx\/index.php?rest_route=%2Fwp%2Fv2%2Fmedia&parent=10020"}],"wp:term":[{"taxonomy":"category","embeddable":true,"href":"https:\/\/zonaroja.com.mx\/index.php?rest_route=%2Fwp%2Fv2%2Fcategories&post=10020"},{"taxonomy":"post_tag","embeddable":true,"href":"https:\/\/zonaroja.com.mx\/index.php?rest_route=%2Fwp%2Fv2%2Ftags&post=10020"}],"curies":[{"name":"wp","href":"https:\/\/api.w.org\/{rel}","templated":true}]}}