{"id":10022,"date":"2020-03-18T09:17:36","date_gmt":"2020-03-18T15:17:36","guid":{"rendered":"http:\/\/www.zonaroja.com.mx\/?p=10022"},"modified":"2020-03-18T09:17:40","modified_gmt":"2020-03-18T15:17:40","slug":"poder-judicial-y-juristas-de-la-mixteca-fortalecen-profesionalizacion-de-abogados","status":"publish","type":"post","link":"https:\/\/zonaroja.com.mx\/?p=10022","title":{"rendered":"Poder Judicial y juristas de la Mixteca fortalecen profesionalizaci\u00f3n de abogados"},"content":{"rendered":"\n<p>Redacci\u00f3n\/Zona\nRoja.<\/p>\n\n\n\n<p>Oaxaca\nde Ju\u00e1rez, Oax., 18 de marzo de 2020.- En el inter\u00e9s de desarrollar acciones\nconjuntas con la comunidad jur\u00eddica, el titular del Poder Judicial de Oaxaca, Eduardo\nPinacho S\u00e1nchez, y el presidente de la Asociaci\u00f3n Civil Juristas de la Mixteca,\ncon sede en Huajuapan de Le\u00f3n, Valerio Loyola Benavides, firmaron un convenio\nde colaboraci\u00f3n.<\/p>\n\n\n\n<p>El\nacuerdo tiene como objetivo de fortalecer actividades de actualizaci\u00f3n entre\nlos litigantes, as\u00ed como la organizaci\u00f3n de seminarios, congresos y foros de\ninter\u00e9s com\u00fan.<\/p>\n\n\n\n<p>Como\nuna de las primeras acciones, a trav\u00e9s de la Escuela Judicial se desarrollar\u00e1\nun curso de capacitaci\u00f3n especializado en materia de \u201cAsesores Jur\u00eddicos\u201d, y de\nesta manera integrantes de dicha agrupaci\u00f3n asistan de manera gratuita a las\nv\u00edctimas en las diversas audiencias en las que la autoridad judicial solicite\nsu apoyo y colaboraci\u00f3n, como parte del Sistema Penal Acusatorio.<\/p>\n\n\n\n<p>En\nel acto, en el que estuvieron presentes magistrados integrantes de las salas\npenales del Tribunal Superior de Justicia del Estado, el magistrado presidente\nse\u00f1al\u00f3 que en la responsabilidad de administrar justicia la participaci\u00f3n de la\nsociedad civil, como son las barras, asociaciones y colegios de abogados, es\nfundamental. <\/p>\n\n\n\n<p>\u201cTrabajando\nde manera arm\u00f3nica vamos a lograr resultados mutuos, pero principalmente a\nbeneficiar a los justiciables\u201d, enfatiz\u00f3.<\/p>\n\n\n\n<p>Destac\u00f3\ntambi\u00e9n la labor desarrollada por los integrantes de la Comisi\u00f3n Permanente de\nEvaluaci\u00f3n y Seguimiento de la Operatividad y Consolidaci\u00f3n del Sistema\nAcusatorio, Gerardo Carmona Castillo, Ren\u00e9 Hern\u00e1ndez Reyes y Arturo L\u00e1zaro Le\u00f3n\nde la Vega, con el acompa\u00f1amiento del director de la Escuela Judicial, Maestro\nH\u00e9ctor Humberto V\u00e1squez Quevedo, la cual es determinante en el fortalecimiento\nde este modelo de justicia.<\/p>\n\n\n\n<p>Por\nsu parte, el presidente de la Asociaci\u00f3n Civil Juristas de la Mixteca,\nreconoci\u00f3 la apertura e invitaci\u00f3n de parte del Poder Judicial del Estado para\nque los integrantes de la agrupaci\u00f3n, desde la perspectiva social y humanista,\ncolaboren en su labor como asesores jur\u00eddicos con las v\u00edctimas de un delito,\nderecho que se encuentra establecido en el art\u00edculo 20, apartado C de la\nConstituci\u00f3n Pol\u00edtica de los Estados Unidos Mexicanos.<\/p>\n\n\n\n<p>A\nla firma de convenio, que se realiz\u00f3 en la sede del Poder Judicial, en Reyes\nMantec\u00f3n, San Bartolo Coyotepec, asistieron el juez de Control, Luis Ra\u00fal\nHern\u00e1ndez Avenda\u00f1o, y por parte de Asociaci\u00f3n Civil Juristas de la Mixteca, los\nabogados Francisco Franco Mendoza S\u00e1nchez y Rub\u00e9n Rodrigo Eleuterio Santill\u00e1n.<\/p>\n\n\n\n<p>Cabe\nse\u00f1alar que en el Sistema Penal Acusatorio, la v\u00edctima de un delito cuenta con\nderechos constitucionales y procesales que garantizan su bienestar al momento\nde enfrentar un proceso de car\u00e1cter penal y que le permiten contar con asesor\u00eda\njur\u00eddica, tener una mayor participaci\u00f3n para llegar a la verdad y obtener la\nreparaci\u00f3n del da\u00f1o.<\/p>\n","protected":false},"excerpt":{"rendered":"<p>Redacci\u00f3n\/Zona Roja. Oaxaca de Ju\u00e1rez, Oax., 18 de marzo de 2020.- En el inter\u00e9s de&hellip;<\/p>\n","protected":false},"author":2,"featured_media":10023,"comment_status":"closed","ping_status":"open","sticky":false,"template":"","format":"standard","meta":{"_lmt_disableupdate":"","_lmt_disable":"","_jetpack_memberships_contains_paid_content":false,"footnotes":""},"categories":[109,46],"tags":[1369],"class_list":["post-10022","post","type-post","status-publish","format-standard","has-post-thumbnail","hentry","category-minuto-a-minuto","category-zona-blanca","tag-tribunal-superior-de-justicia-de-oaxacatsejo"],"jetpack_featured_media_url":"https:\/\/zonaroja.com.mx\/wp-content\/uploads\/2020\/03\/IMG_3763.jpg","jetpack_sharing_enabled":true,"_links":{"self":[{"href":"https:\/\/zonaroja.com.mx\/index.php?rest_route=\/wp\/v2\/posts\/10022","targetHints":{"allow":["GET"]}}],"collection":[{"href":"https:\/\/zonaroja.com.mx\/index.php?rest_route=\/wp\/v2\/posts"}],"about":[{"href":"https:\/\/zonaroja.com.mx\/index.php?rest_route=\/wp\/v2\/types\/post"}],"author":[{"embeddable":true,"href":"https:\/\/zonaroja.com.mx\/index.php?rest_route=\/wp\/v2\/users\/2"}],"replies":[{"embeddable":true,"href":"https:\/\/zonaroja.com.mx\/index.php?rest_route=%2Fwp%2Fv2%2Fcomments&post=10022"}],"version-history":[{"count":1,"href":"https:\/\/zonaroja.com.mx\/index.php?rest_route=\/wp\/v2\/posts\/10022\/revisions"}],"predecessor-version":[{"id":10024,"href":"https:\/\/zonaroja.com.mx\/index.php?rest_route=\/wp\/v2\/posts\/10022\/revisions\/10024"}],"wp:featuredmedia":[{"embeddable":true,"href":"https:\/\/zonaroja.com.mx\/index.php?rest_route=\/wp\/v2\/media\/10023"}],"wp:attachment":[{"href":"https:\/\/zonaroja.com.mx\/index.php?rest_route=%2Fwp%2Fv2%2Fmedia&parent=10022"}],"wp:term":[{"taxonomy":"category","embeddable":true,"href":"https:\/\/zonaroja.com.mx\/index.php?rest_route=%2Fwp%2Fv2%2Fcategories&post=10022"},{"taxonomy":"post_tag","embeddable":true,"href":"https:\/\/zonaroja.com.mx\/index.php?rest_route=%2Fwp%2Fv2%2Ftags&post=10022"}],"curies":[{"name":"wp","href":"https:\/\/api.w.org\/{rel}","templated":true}]}}