{"id":10026,"date":"2020-03-18T15:14:14","date_gmt":"2020-03-18T21:14:14","guid":{"rendered":"https:\/\/www.zonaroja.com.mx\/?p=10026"},"modified":"2020-03-18T23:16:49","modified_gmt":"2020-03-19T05:16:49","slug":"10026","status":"publish","type":"post","link":"https:\/\/zonaroja.com.mx\/?p=10026","title":{"rendered":"Oaxaca, el estado con m\u00e1s ataques a defensores ambientales"},"content":{"rendered":"\n<p class=\"MsoNormal\">Redacci\u00f3n\/Zona Roja.<\/p>\n\n\n\n<p class=\"MsoNormal\">El Centro Mexicano de Derecho Ambiental (Cemda) inform\u00f3 que solo en 2019 registraron 39 ataques contra defensores de derechos ambientales, de los cuales 15 fueron asesinados.<\/p>\n\n\n\n<p class=\"MsoNormal\">Sin embargo, de 2012 a 2019 se cometieron 499 agresiones, de los que 83 terminaron en homicidio, seg\u00fan dio a conocer el diario \u201cMilenio\u201d.&nbsp;<\/p>\n\n\n\n<p class=\"MsoNormal\">Las entidades donde existe el mayor n\u00famero de ataques en el periodo indicado son Oaxaca, con 79; Sonora, con 49, y Estado de M\u00e9xico, con 48 casos.<\/p>\n\n\n\n<p class=\"MsoNormal\">&nbsp;\u201cEl sector donde se observ\u00f3 un mayor n\u00famero de ataques fue el de la energ\u00eda el\u00e9ctrica, con 20.5 por ciento\u201d, se\u00f1al\u00f3 Alejandra Leyva, coordinadora del \u201cInforme de la situaci\u00f3n de los defensores de derechos humanos ambientales 2019\u201d.&nbsp;<\/p>\n\n\n\n<p class=\"MsoNormal\">De acuerdo con la publicaci\u00f3n de \u201cMilenio\u201d, la abogada detall\u00f3 que 2019 fue el segundo a\u00f1o en que se identifica el homicidio como la primera agresi\u00f3n cometida, con el 21.1 de los casos, en el 19.3 por ciento se trat\u00f3 de amenazas y en 15.8 por ciento se trata de criminalizaci\u00f3n, que en la mayor\u00eda de los casos por el sector gubernamental.&nbsp;<\/p>\n\n\n\n<p class=\"MsoNormal\">De acuerdo con el informe, en 2012 se registraron 24 ataques a defensores ambientales; 2013, 64; 2014, 78; 2015, 107; 2016, 85; 2017, 53, y 2018, 49. De las 460 agresiones entre 2012 y 2018 se identificaron 175 amenazas, 84 agresiones, 82 casos de criminalizaci\u00f3n, 70 de intimidaci\u00f3n y 68 homicidios. <\/p>\n","protected":false},"excerpt":{"rendered":"<p>Redacci\u00f3n\/Zona Roja. El Centro Mexicano de Derecho Ambiental (Cemda) inform\u00f3 que solo en 2019 registraron&hellip;<\/p>\n","protected":false},"author":2,"featured_media":10025,"comment_status":"closed","ping_status":"open","sticky":false,"template":"","format":"standard","meta":{"_lmt_disableupdate":"","_lmt_disable":"","_jetpack_memberships_contains_paid_content":false,"footnotes":""},"categories":[109,47],"tags":[],"class_list":["post-10026","post","type-post","status-publish","format-standard","has-post-thumbnail","hentry","category-minuto-a-minuto","category-zona-gris"],"jetpack_featured_media_url":"https:\/\/zonaroja.com.mx\/wp-content\/uploads\/2020\/03\/img_1720.jpg","jetpack_sharing_enabled":true,"_links":{"self":[{"href":"https:\/\/zonaroja.com.mx\/index.php?rest_route=\/wp\/v2\/posts\/10026","targetHints":{"allow":["GET"]}}],"collection":[{"href":"https:\/\/zonaroja.com.mx\/index.php?rest_route=\/wp\/v2\/posts"}],"about":[{"href":"https:\/\/zonaroja.com.mx\/index.php?rest_route=\/wp\/v2\/types\/post"}],"author":[{"embeddable":true,"href":"https:\/\/zonaroja.com.mx\/index.php?rest_route=\/wp\/v2\/users\/2"}],"replies":[{"embeddable":true,"href":"https:\/\/zonaroja.com.mx\/index.php?rest_route=%2Fwp%2Fv2%2Fcomments&post=10026"}],"version-history":[{"count":3,"href":"https:\/\/zonaroja.com.mx\/index.php?rest_route=\/wp\/v2\/posts\/10026\/revisions"}],"predecessor-version":[{"id":10044,"href":"https:\/\/zonaroja.com.mx\/index.php?rest_route=\/wp\/v2\/posts\/10026\/revisions\/10044"}],"wp:featuredmedia":[{"embeddable":true,"href":"https:\/\/zonaroja.com.mx\/index.php?rest_route=\/wp\/v2\/media\/10025"}],"wp:attachment":[{"href":"https:\/\/zonaroja.com.mx\/index.php?rest_route=%2Fwp%2Fv2%2Fmedia&parent=10026"}],"wp:term":[{"taxonomy":"category","embeddable":true,"href":"https:\/\/zonaroja.com.mx\/index.php?rest_route=%2Fwp%2Fv2%2Fcategories&post=10026"},{"taxonomy":"post_tag","embeddable":true,"href":"https:\/\/zonaroja.com.mx\/index.php?rest_route=%2Fwp%2Fv2%2Ftags&post=10026"}],"curies":[{"name":"wp","href":"https:\/\/api.w.org\/{rel}","templated":true}]}}