{"id":10029,"date":"2020-03-18T17:03:21","date_gmt":"2020-03-18T23:03:21","guid":{"rendered":"http:\/\/www.zonaroja.com.mx\/?p=10029"},"modified":"2020-03-18T17:03:23","modified_gmt":"2020-03-18T23:03:23","slug":"congreso-realiza-sesion-extraordinaria-sin-presidente-de-mesa-directiva","status":"publish","type":"post","link":"https:\/\/zonaroja.com.mx\/?p=10029","title":{"rendered":"Congreso realiza sesi\u00f3n extraordinaria sin presidente de Mesa Directiva"},"content":{"rendered":"\n<p>Yuridiana Sosa<\/p>\n\n\n\n<p>Oaxaca de Ju\u00e1rez, Oax., 18 de marzo de\n2020.- La 64 Legislatura del Congreso de Oaxaca entr\u00f3 en conflicto la ma\u00f1ana de\neste mi\u00e9rcoles ante la contingencia por el Covid-19. <\/p>\n\n\n\n<p>Las sesiones legislativas se habr\u00edan\npospuesto hasta el 15 de abril, pero por voto mayoritario continuar\u00e1n.<\/p>\n\n\n\n<p>Con una asistencia de 28 diputados\nlocales, en su mayor\u00eda de la fracci\u00f3n parlamentaria de Morena, la 64\nLegislatura del Congreso de Oaxaca realiz\u00f3 una sesi\u00f3n extraordinaria para\nabordar la fecha de la pr\u00f3xima sesi\u00f3n.<\/p>\n\n\n\n<p>Esto luego que el presidente de la Mesa\nDirectiva, Jorge Octavio Villaca\u00f1a Jim\u00e9nez, convocara durante la sesi\u00f3n\nordinaria a reuni\u00f3n en cuatro semanas m\u00e1s.<\/p>\n\n\n\n<p>La decisi\u00f3n del legislador del PRI,\nindic\u00f3 el presidente de la Junta de Coordinaci\u00f3n Pol\u00edtica, Horacio Sosa\nVillase\u00f1or, no forma parte de los acuerdos que se tomaron en la reuni\u00f3n de los\nintegrantes de la Jucopo.<\/p>\n\n\n\n<p>La inconformidad surgi\u00f3 tras la clausura\nde la sesi\u00f3n ordinaria de este mi\u00e9rcoles, en la que de forma imprevista\nVillaca\u00f1a Jim\u00e9nez anunci\u00f3 que la pr\u00f3xima reuni\u00f3n se realizar\u00eda el 15 de abril;\ncasi de manera inmediata el resto de los diputados exaltaron su duda sobre la\nprolongaci\u00f3n de la fecha, cuando se ten\u00eda prevista otra fecha.<\/p>\n\n\n\n<p>Villaca\u00f1a Jim\u00e9nez abandon\u00f3 el recinto,\njunto con otros legisladores del PRI, mientras que los morenistas discut\u00edan la\nsesi\u00f3n y su inconformidad.<\/p>\n\n\n\n<p>Minutos despu\u00e9s, con la presencia de 28\ndiputados y con la representaci\u00f3n en la mesa directiva de la vicepresidenta,\nHilda Graciela P\u00e9rez Luis, el pleno de la 64 Legislatura realiz\u00f3 una sesi\u00f3n\nextraordinaria para fijar una pr\u00f3xima sesi\u00f3n ordinaria para el 25 de marzo.<\/p>\n\n\n\n<p>Ese fue el \u00fanico punto de acuerdo de la\nsesi\u00f3n extraordinaria, convocada de manera expr\u00e9s.<\/p>\n","protected":false},"excerpt":{"rendered":"<p>Yuridiana Sosa Oaxaca de Ju\u00e1rez, Oax., 18 de marzo de 2020.- La 64 Legislatura del&hellip;<\/p>\n","protected":false},"author":2,"featured_media":10030,"comment_status":"closed","ping_status":"open","sticky":false,"template":"","format":"standard","meta":{"_lmt_disableupdate":"","_lmt_disable":"","_jetpack_memberships_contains_paid_content":false,"footnotes":""},"categories":[109,1,47],"tags":[213],"class_list":["post-10029","post","type-post","status-publish","format-standard","has-post-thumbnail","hentry","category-minuto-a-minuto","category-sin-categoria","category-zona-gris","tag-64-legislatura-de-oaxaca"],"jetpack_featured_media_url":"https:\/\/zonaroja.com.mx\/wp-content\/uploads\/2020\/03\/IMG_1765.jpg","jetpack_sharing_enabled":true,"_links":{"self":[{"href":"https:\/\/zonaroja.com.mx\/index.php?rest_route=\/wp\/v2\/posts\/10029","targetHints":{"allow":["GET"]}}],"collection":[{"href":"https:\/\/zonaroja.com.mx\/index.php?rest_route=\/wp\/v2\/posts"}],"about":[{"href":"https:\/\/zonaroja.com.mx\/index.php?rest_route=\/wp\/v2\/types\/post"}],"author":[{"embeddable":true,"href":"https:\/\/zonaroja.com.mx\/index.php?rest_route=\/wp\/v2\/users\/2"}],"replies":[{"embeddable":true,"href":"https:\/\/zonaroja.com.mx\/index.php?rest_route=%2Fwp%2Fv2%2Fcomments&post=10029"}],"version-history":[{"count":1,"href":"https:\/\/zonaroja.com.mx\/index.php?rest_route=\/wp\/v2\/posts\/10029\/revisions"}],"predecessor-version":[{"id":10031,"href":"https:\/\/zonaroja.com.mx\/index.php?rest_route=\/wp\/v2\/posts\/10029\/revisions\/10031"}],"wp:featuredmedia":[{"embeddable":true,"href":"https:\/\/zonaroja.com.mx\/index.php?rest_route=\/wp\/v2\/media\/10030"}],"wp:attachment":[{"href":"https:\/\/zonaroja.com.mx\/index.php?rest_route=%2Fwp%2Fv2%2Fmedia&parent=10029"}],"wp:term":[{"taxonomy":"category","embeddable":true,"href":"https:\/\/zonaroja.com.mx\/index.php?rest_route=%2Fwp%2Fv2%2Fcategories&post=10029"},{"taxonomy":"post_tag","embeddable":true,"href":"https:\/\/zonaroja.com.mx\/index.php?rest_route=%2Fwp%2Fv2%2Ftags&post=10029"}],"curies":[{"name":"wp","href":"https:\/\/api.w.org\/{rel}","templated":true}]}}