{"id":10032,"date":"2020-03-18T17:47:50","date_gmt":"2020-03-18T23:47:50","guid":{"rendered":"http:\/\/www.zonaroja.com.mx\/?p=10032"},"modified":"2020-03-18T17:48:58","modified_gmt":"2020-03-18T23:48:58","slug":"alumnas-de-medicina-uabjo-denuncian-acoso-y-abuso-sexual-de-catedraticos","status":"publish","type":"post","link":"https:\/\/zonaroja.com.mx\/?p=10032","title":{"rendered":"Alumnas de Medicina UABJO denuncian acoso y abuso sexual de catedr\u00e1ticos"},"content":{"rendered":"\n<p>Yuridiana Sosa\/Zona Roja.<\/p>\n\n\n\n<p>Oaxaca de Ju\u00e1rez, Oax., 18 de marzo de\n2020.- Estudiantes de la Facultad de Medicina y Cirug\u00eda de la Universidad\nAut\u00f3noma \u201cBenito Ju\u00e1rez\u201d de Oaxaca (UABJO) rompieron el silencio y denunciaron p\u00fablicamente\nuna serie de acosos y abusos sexuales por parte de sus docentes.<\/p>\n\n\n\n<p>En la sede principal, ubicada en la ex\nHacienda de Aguilera, camino Antiguo a San Felipe, ciudad de Oaxaca, se\nconvirti\u00f3 en el escenario de la protesta, en la que a trav\u00e9s de tendederos\nrepletos con cartulinas \u201cgritaron\u201d los hechos de los que son v\u00edctimas.<\/p>\n\n\n\n<p>Las alumnas fueron directas en sus\nse\u00f1alamientos contra los m\u00e9dicos; entre los responsables de algunos abusos se\nnombr\u00f3 a Maurilio Mayoral, subsecretario de los Servicios de Salud de Oaxaca\n(SSO), en el sexenio de Gabino Cu\u00e9 Montegaudo.<\/p>\n\n\n\n<p>El ex funcionario, dice un letrero,\n\u201caprovecha la vulnerabilidad de las alumnas para sacar ventaja y propasarse.\nIntent\u00f3 besarme en una consulta\u201d.<\/p>\n\n\n\n<p>El interno del Hospital Civil \u201cDr.\nAurelio Valdivieso\u201d, Omar Alexis, fue acusado de vender fotos \u00edntimas de las\ncompa\u00f1eras; mientras que el doctor Carlos L\u00f3pez N\u00fa\u00f1ez, dice, \u201cte invita a salir\ncon \u00e9l y si lo rechazas te trata mal en su clase\u201d.<\/p>\n\n\n\n<p>Las alumnas, de los distintos semestres,\nevidenciaron la conducta del doctor G\u00fcilebaldo Cruz Cort\u00e9s, quien cit\u00f3 en su\noficina a una estudiante a base de enga\u00f1os y le pidi\u00f3 ser su novia.<\/p>\n\n\n\n<p>Para el caso del docente Francisco\nSalud, las estudiantes lo denuncian de intentar violar a una de ellas. El\ndoctor H\u00e9ctor \u201ces acosador y toca a sus alumnas\u201d; el doctor \u201cPanchito\u201d hace\ncomentarios sexuales en clase, de forma personal contra las estudiantes, dicen\nlas cartulinas.<\/p>\n\n\n\n<p>La lista de abusos se extiende contra Isa\u00ed Samuel y Julio G\u00f3mez D\u00edaz, quienes toman fotos mientras exponen las alumnas y acosan durante los ex\u00e1menes.<\/p>\n\n\n\n<figure class=\"wp-block-embed-twitter wp-block-embed is-type-rich is-provider-twitter\"><div class=\"wp-block-embed__wrapper\">\n<div class=\"twitter-tweet\"><blockquote class=\"twitter-tweet\" data-lang=\"es\"><p lang=\"es\" dir=\"ltr\"><a href=\"https:\/\/twitter.com\/hashtag\/FeminicidiosEmergenciaNacional?src=hash&amp;ref_src=twsrc%5Etfw\">#FeminicidiosEmergenciaNacional<\/a><br>(1) Este fue el tendedero de denuncias de acoso en contra de catedr\u00e1ticos de la Facultad de Medicina de la <a href=\"https:\/\/twitter.com\/UABJO?ref_src=twsrc%5Etfw\">@UABJO<\/a>, colocado despu\u00e9s del mediod\u00eda de este mi\u00e9rcoles; revelan varios nombres de m\u00e9dicos. <a href=\"https:\/\/t.co\/KvcEHxLCw2\">pic.twitter.com\/KvcEHxLCw2<\/a><\/p>&mdash; Zona Roja Oaxaca (@MexRoja) <a href=\"https:\/\/twitter.com\/MexRoja\/status\/1240401678177878017?ref_src=twsrc%5Etfw\">18 de marzo de 2020<\/a><\/blockquote><\/div>\n<\/div><\/figure>\n\n\n\n<p>De los distintos hechos, se\u00f1alaron que\nla Coordinaci\u00f3n Acad\u00e9mica ten\u00eda conocimiento, pero no ha realizado ninguna\nacci\u00f3n a favor de la integridad, derechos y seguridad de las alumnas.<\/p>\n\n\n\n<p>HAY CASOS FORMALES<\/p>\n\n\n\n<p>Sobre la protesta, el director de la\nFacultad de Medicina y Cirug\u00eda de la UABJO, Luis Manuel S\u00e1nchez Navarro, indic\u00f3\nque no ten\u00edan conocimiento de la cantidad de abusos contra las alumnas, pues de\nmanera formal son m\u00ednimo los casos que han atendido bajo los procedimientos\ncorrespondientes.<\/p>\n\n\n\n<p>El director reconoci\u00f3 el derecho de manifestaci\u00f3n de las estudiantes ante este tipo de acciones en su contra, pero que no es exclusivo contra las mujeres.<\/p>\n\n\n\n<figure class=\"wp-block-embed-twitter wp-block-embed is-type-rich is-provider-twitter\"><div class=\"wp-block-embed__wrapper\">\n<div class=\"twitter-tweet\"><blockquote class=\"twitter-tweet\" data-lang=\"es\"><p lang=\"es\" dir=\"ltr\"><a href=\"https:\/\/twitter.com\/hashtag\/FeminicidiosEmergenciaNacional?src=hash&amp;ref_src=twsrc%5Etfw\">#FeminicidiosEmergenciaNacional<\/a><br>(2) El director de la Facultad de Medicina de la <a href=\"https:\/\/twitter.com\/UABJO?ref_src=twsrc%5Etfw\">@UABJO<\/a>, Luis Manuel S\u00e1nchez, reconoci\u00f3 qu\u00e9 hay la menos una decena de casos de acoso denunciados y a cuyos catedr\u00e1ticos involucrados solamente se les ha reconvenido. <a href=\"https:\/\/twitter.com\/flaviososavilla?ref_src=twsrc%5Etfw\">@flaviososavilla<\/a> <a href=\"https:\/\/twitter.com\/ELPINERO?ref_src=twsrc%5Etfw\">@ELPINERO<\/a> <a href=\"https:\/\/t.co\/Uz3eQ2WfJV\">pic.twitter.com\/Uz3eQ2WfJV<\/a><\/p>&mdash; Zona Roja Oaxaca (@MexRoja) <a href=\"https:\/\/twitter.com\/MexRoja\/status\/1240420839822102528?ref_src=twsrc%5Etfw\">18 de marzo de 2020<\/a><\/blockquote><\/div>\n<\/div><\/figure>\n\n\n\n<p>\u201cHay un protocolo. Aunque es genuina de\nlos estudiantes, no es formal\u201d, dijo el director, quien explic\u00f3 que existe una\nComisi\u00f3n de derechos universitarios, as\u00ed como se trata con confidencialidad,\nadem\u00e1s que pueden recibir atenci\u00f3n psicol\u00f3gica.<\/p>\n\n\n\n<p>&#8211;\u00bfHa habido se\u00f1alamientos formales de\nacoso?<\/p>\n\n\n\n<p>&#8211;S\u00ed los hemos tenido y le hemos tenido y\nle hemos dado una puntual respuesta y actuado en consecuencia. Puedo contar con\nlos dedos de una mano, la mayor\u00eda de ellas fueron extra\u00f1amientos,\namonestaciones en privado.<\/p>\n\n\n\n<p>En la Facultad de Medicina de la UABJO\nexisten m\u00e1s de tres mil estudiantes, entre universitarios y de diplomados,\nmaestr\u00edas y doctorados, con una matr\u00edcula mayor de mujeres.<\/p>\n","protected":false},"excerpt":{"rendered":"<p>Yuridiana Sosa\/Zona Roja. Oaxaca de Ju\u00e1rez, Oax., 18 de marzo de 2020.- Estudiantes de la&hellip;<\/p>\n","protected":false},"author":2,"featured_media":10033,"comment_status":"closed","ping_status":"open","sticky":false,"template":"","format":"standard","meta":{"_lmt_disableupdate":"","_lmt_disable":"","_jetpack_memberships_contains_paid_content":false,"footnotes":""},"categories":[109,47],"tags":[1532],"class_list":["post-10032","post","type-post","status-publish","format-standard","has-post-thumbnail","hentry","category-minuto-a-minuto","category-zona-gris","tag-acoso-sexual-facultad-de-medicina"],"jetpack_featured_media_url":"https:\/\/zonaroja.com.mx\/wp-content\/uploads\/2020\/03\/Acoso-Facultad-Medicina.png","jetpack_sharing_enabled":true,"_links":{"self":[{"href":"https:\/\/zonaroja.com.mx\/index.php?rest_route=\/wp\/v2\/posts\/10032","targetHints":{"allow":["GET"]}}],"collection":[{"href":"https:\/\/zonaroja.com.mx\/index.php?rest_route=\/wp\/v2\/posts"}],"about":[{"href":"https:\/\/zonaroja.com.mx\/index.php?rest_route=\/wp\/v2\/types\/post"}],"author":[{"embeddable":true,"href":"https:\/\/zonaroja.com.mx\/index.php?rest_route=\/wp\/v2\/users\/2"}],"replies":[{"embeddable":true,"href":"https:\/\/zonaroja.com.mx\/index.php?rest_route=%2Fwp%2Fv2%2Fcomments&post=10032"}],"version-history":[{"count":1,"href":"https:\/\/zonaroja.com.mx\/index.php?rest_route=\/wp\/v2\/posts\/10032\/revisions"}],"predecessor-version":[{"id":10034,"href":"https:\/\/zonaroja.com.mx\/index.php?rest_route=\/wp\/v2\/posts\/10032\/revisions\/10034"}],"wp:featuredmedia":[{"embeddable":true,"href":"https:\/\/zonaroja.com.mx\/index.php?rest_route=\/wp\/v2\/media\/10033"}],"wp:attachment":[{"href":"https:\/\/zonaroja.com.mx\/index.php?rest_route=%2Fwp%2Fv2%2Fmedia&parent=10032"}],"wp:term":[{"taxonomy":"category","embeddable":true,"href":"https:\/\/zonaroja.com.mx\/index.php?rest_route=%2Fwp%2Fv2%2Fcategories&post=10032"},{"taxonomy":"post_tag","embeddable":true,"href":"https:\/\/zonaroja.com.mx\/index.php?rest_route=%2Fwp%2Fv2%2Ftags&post=10032"}],"curies":[{"name":"wp","href":"https:\/\/api.w.org\/{rel}","templated":true}]}}