{"id":10035,"date":"2020-03-18T20:14:34","date_gmt":"2020-03-19T02:14:34","guid":{"rendered":"http:\/\/www.zonaroja.com.mx\/?p=10035"},"modified":"2020-03-18T20:14:37","modified_gmt":"2020-03-19T02:14:37","slug":"indolente-gobierno-de-murat-con-ayutla-cumple-mil-16-dias-sin-agua","status":"publish","type":"post","link":"https:\/\/zonaroja.com.mx\/?p=10035","title":{"rendered":"Indolente gobierno de Murat con Ayutla; cumple mil 16 d\u00edas sin agua"},"content":{"rendered":"\n<p>Redacci\u00f3n\/Zona Roja.<\/p>\n\n\n\n<p>Oaxaca de Ju\u00e1rez, Oax., 18 de marzo de\n2020.- En v\u00edsperas del D\u00eda Mundial del Agua y a mil 16 d\u00edas sin contar con el\nvital l\u00edquido, autoridades de San Pedro y San Pablo Ayutla Mixe y organismos civiles\ndenunciaron la indolencia del gobierno de Alejandro Murat.<\/p>\n\n\n\n<p>De la misma manera, el favoritismo, a\ntrav\u00e9s de la Comisi\u00f3n Estatal del Agua (CEA) hacia Tamazul\u00e1pam del Esp\u00edritu\nSanto para no reconectar los servicios de agua potable, y la negligencia de la\nFiscal\u00eda General del Estado para atender el caso del homicidio y de mujeres\nsecuestradas.<\/p>\n\n\n\n<p>En un comunicado, una Misi\u00f3n Civil de\nObservaci\u00f3n, que agrupa actualmente a 86 organizaciones a nivel nacional,\npresent\u00f3 un informe y advirti\u00f3 que ante la actual contingencia sanitaria, la\nsituaci\u00f3n puede tornarse m\u00e1s grave para los pobladores de Ayutla.<\/p>\n\n\n\n<p>\u201cEn el marco del D\u00eda Mundial del Agua\n(22 de marzo) y frente al estiaje y la crisis sanitaria por el Covid-19 que se\navecinan, la situaci\u00f3n de la comunidad puede tornarse mucho m\u00e1s grave\u201d, expuso\nen un comunicado.<\/p>\n\n\n\n<p>Inform\u00f3 que en agosto del a\u00f1o pasado varios\norganismos de la sociedad civil acudieron a documentar la problem\u00e1tica del agua\nen dicha comunidad, en una Misi\u00f3n Civil de Observaci\u00f3n (MCO), a la que\nrespondieron ocho organizaciones y la Red TDT que. Dicha actividad se realiz\u00f3\ndel 5 al 7 de agosto de 2019 y se ha mantenido abierta hasta el momento.<\/p>\n\n\n\n<p>\u201cEn este caso documentamos violaciones\nal Derecho Humano al Agua del que han derivado otras violaciones a derechos\nfundamentales: el derecho a la salud, a la vida, a la integridad f\u00edsica y\nseguridad personal, al debido proceso legal y la seguridad jur\u00eddica,\nafectaciones a los derechos de las mujeres; de las ni\u00f1as, ni\u00f1os y adolescentes\ny a defender derechos humanos.<\/p>\n\n\n\n<p>\u201cLa MCO pudo constatar la dilaci\u00f3n en la\natenci\u00f3n institucional y el hecho de que m\u00e1s de 60 mesas de di\u00e1logo no han\nresuelto nada, tampoco las acciones emprendidas por la Comisi\u00f3n Estatal del\nAgua (CEA), que ha dilatado la reconexi\u00f3n del agua a Ayutla, incluso la\nobstaculizan al favorecer a una de las partes. <\/p>\n\n\n\n<p>\u201cAdicionalmente, la existencia de\nprocedimientos agrarios (amparos) interpuestos por las comunidades de Ayutla y\nTamazul\u00e1pam han sido utilizados como pretexto de las autoridades para evitar la\nreconexi\u00f3n del agua a Ayutla, cuando desde una perspectiva de derechos humanos\nel agua es un recurso natural no sujeto a negociaci\u00f3n ni a chantaje.<\/p>\n\n\n\n<p>\u201cNos preocupa la criminalizaci\u00f3n de las\npersonas defensoras que han alzado su voz para denunciar la cr\u00edtica situaci\u00f3n\nde la comunidad, como en el caso de una reconocida ling\u00fcista de la comunidad.\nIncluso las propias organizaciones participantes de la Misi\u00f3n no han escapado a\nlos se\u00f1alamientos por su labor de documentaci\u00f3n, al mismo tiempo que las\nautoridades de Tamazul\u00e1pam niegan la existencia del conflicto\u201d, rese\u00f1\u00f3.<\/p>\n\n\n\n<p>Por ello, la Misi\u00f3n Civil de Observaci\u00f3n\nemiti\u00f3 las siguientes recomendaciones:<\/p>\n\n\n\n<p>\u2022 Es obligaci\u00f3n de las autoridades\nestatales y federales garantizar el derecho al agua a la comunidad de Ayutla\nMixe, por lo que urgimos la reconexi\u00f3n para facilitar las labores preventivas\nante la crisis de Covid-19 que se avecina y el estiaje de la temporada.<\/p>\n\n\n\n<p>\u2022 Urge una coordinaci\u00f3n\ninterinstitucional efectiva y eficiente desde la Federaci\u00f3n para generar una\natenci\u00f3n real y soluci\u00f3n del conflicto.<\/p>\n\n\n\n<p>\u2022 Garantizar la protecci\u00f3n de los DDHH y\nde las personas defensoras de derechos humanos por parte de los organismos\np\u00fablicos como la DDHPO. Llamamos a la OACNUDH a la observancia y asistencia\nt\u00e9cnica del caso.<\/p>\n\n\n\n<p>\u2022 Acceso para las v\u00edctimas a la verdad, justicia\ny reparaci\u00f3n, lo que implica la actuaci\u00f3n eficaz de la Fiscal\u00eda del Estado para\ngarantizar estos derechos.<\/p>\n","protected":false},"excerpt":{"rendered":"<p>Redacci\u00f3n\/Zona Roja. Oaxaca de Ju\u00e1rez, Oax., 18 de marzo de 2020.- En v\u00edsperas del D\u00eda&hellip;<\/p>\n","protected":false},"author":2,"featured_media":10036,"comment_status":"closed","ping_status":"open","sticky":false,"template":"","format":"standard","meta":{"_lmt_disableupdate":"","_lmt_disable":"","_jetpack_memberships_contains_paid_content":false,"footnotes":""},"categories":[109,47],"tags":[501],"class_list":["post-10035","post","type-post","status-publish","format-standard","has-post-thumbnail","hentry","category-minuto-a-minuto","category-zona-gris","tag-san-pedro-y-san-pablo-ayutla-mixe"],"jetpack_featured_media_url":"https:\/\/zonaroja.com.mx\/wp-content\/uploads\/2020\/03\/PHOTO-2020-03-18-17-21-14.jpg","jetpack_sharing_enabled":true,"_links":{"self":[{"href":"https:\/\/zonaroja.com.mx\/index.php?rest_route=\/wp\/v2\/posts\/10035","targetHints":{"allow":["GET"]}}],"collection":[{"href":"https:\/\/zonaroja.com.mx\/index.php?rest_route=\/wp\/v2\/posts"}],"about":[{"href":"https:\/\/zonaroja.com.mx\/index.php?rest_route=\/wp\/v2\/types\/post"}],"author":[{"embeddable":true,"href":"https:\/\/zonaroja.com.mx\/index.php?rest_route=\/wp\/v2\/users\/2"}],"replies":[{"embeddable":true,"href":"https:\/\/zonaroja.com.mx\/index.php?rest_route=%2Fwp%2Fv2%2Fcomments&post=10035"}],"version-history":[{"count":1,"href":"https:\/\/zonaroja.com.mx\/index.php?rest_route=\/wp\/v2\/posts\/10035\/revisions"}],"predecessor-version":[{"id":10037,"href":"https:\/\/zonaroja.com.mx\/index.php?rest_route=\/wp\/v2\/posts\/10035\/revisions\/10037"}],"wp:featuredmedia":[{"embeddable":true,"href":"https:\/\/zonaroja.com.mx\/index.php?rest_route=\/wp\/v2\/media\/10036"}],"wp:attachment":[{"href":"https:\/\/zonaroja.com.mx\/index.php?rest_route=%2Fwp%2Fv2%2Fmedia&parent=10035"}],"wp:term":[{"taxonomy":"category","embeddable":true,"href":"https:\/\/zonaroja.com.mx\/index.php?rest_route=%2Fwp%2Fv2%2Fcategories&post=10035"},{"taxonomy":"post_tag","embeddable":true,"href":"https:\/\/zonaroja.com.mx\/index.php?rest_route=%2Fwp%2Fv2%2Ftags&post=10035"}],"curies":[{"name":"wp","href":"https:\/\/api.w.org\/{rel}","templated":true}]}}