{"id":10038,"date":"2020-03-18T20:59:04","date_gmt":"2020-03-19T02:59:04","guid":{"rendered":"http:\/\/www.zonaroja.com.mx\/?p=10038"},"modified":"2020-03-18T20:59:09","modified_gmt":"2020-03-19T02:59:09","slug":"ante-incompetencia-en-oaxaca-atrae-cndh-caso-de-saxofonista-maria-elena","status":"publish","type":"post","link":"https:\/\/zonaroja.com.mx\/?p=10038","title":{"rendered":"Ante incompetencia en Oaxaca, atrae CNDH caso de saxofonista Mar\u00eda Elena"},"content":{"rendered":"\n<p>Redacci\u00f3n\/Zona Roja Cdmx.<\/p>\n\n\n\n<p>Ciudad de M\u00e9xico, 18 de marzo de 2020.-\nLa Comisi\u00f3n Nacional de los Derechos Humanos (CNDH) atrajo hoy el caso de Mar\u00eda\nElena, mujer que el pasado 9 de septiembre de 2019 fue atacada en Huajuapan de\nLe\u00f3n, Oaxaca, por un hombre que le arroj\u00f3 \u00e1cido, lo que le provoc\u00f3 quemaduras\nen gran parte del rostro y el cuerpo.<\/p>\n\n\n\n<p>\u00abA fin de evitar da\u00f1os\nirreparables, as\u00ed como garantizar la observancia de los derechos humanos de la\nv\u00edctima, este Organismo Nacional emiti\u00f3 medidas cautelares, dirigidas al\nInstituto Nacional de Rehabilitaci\u00f3n de la Secretar\u00eda de Salud Federal, al\nGobierno de Oaxaca, as\u00ed como a la Fiscal\u00eda General del Estado de Oaxaca, con el\nprop\u00f3sito de salvaguardar la vida, integridad y seguridad de la mujer y sus\nfamiliares, as\u00ed como tutelar sus derechos de acceso a la justicia, a la salud y\nseguridad jur\u00eddica\u00bb, dijo la Comisi\u00f3n en un bolet\u00edn.<\/p>\n\n\n\n<p>Familiares de la v\u00edctima, de 26 a\u00f1os de\nedad, denunciaron la omisi\u00f3n en la atenci\u00f3n m\u00e9dica inmediata que requer\u00eda la\nmadre de la v\u00edctima, exigieron una debida procuraci\u00f3n y administraci\u00f3n de\njusticia en las investigaciones iniciadas por la Fiscal\u00eda General del Estado de\nOaxaca, y demandaron la intervenci\u00f3n del Gobierno Local y Federal en la pronta\nresoluci\u00f3n del caso, todo lo cual trascendi\u00f3 en diversos medios de comunicaci\u00f3n\nque hicieron p\u00fablicas tales exigencias, dijo la CNDH.<\/p>\n\n\n\n<p>\u00abEn el ejercicio de las\natribuciones que le son conferidas respecto de actos que puedan configurar\nviolaciones a derechos humanos, entre ellos el derecho de acceso de las mujeres\na una vida libre de violencia, y por tratarse de un asunto que trasciende el\ninter\u00e9s de la entidad federativa e incide en la opini\u00f3n p\u00fablica nacional, la\nCNDH acord\u00f3 ejercer la atracci\u00f3n del expediente radicado en la Defensor\u00eda de\nlos Derechos Humanos del Pueblo de Oaxaca, iniciado ante la posible existencia\nde presuntas violaciones a derechos humanos, por lo que la este Organismo\nNacional continuar\u00e1 con su investigaci\u00f3n.<\/p>\n\n\n\n<p>\u00abPara la CNDH es primordial incidir\nen casos de violencia de g\u00e9nero contra las mujeres y recuerda que en el Estado\nde Oaxaca desde el 30 de agosto de 2018 se encuentra declarada la Alerta de\nViolencia de G\u00e9nero contra las mujeres\u00bb, manifest\u00f3 el organismo aut\u00f3nomo.<\/p>\n\n\n\n<p>(Con informaci\u00f3n de \u201cLa Jornada\u201d)<\/p>\n","protected":false},"excerpt":{"rendered":"<p>Redacci\u00f3n\/Zona Roja Cdmx. Ciudad de M\u00e9xico, 18 de marzo de 2020.- La Comisi\u00f3n Nacional de&hellip;<\/p>\n","protected":false},"author":2,"featured_media":6786,"comment_status":"closed","ping_status":"open","sticky":false,"template":"","format":"standard","meta":{"_lmt_disableupdate":"","_lmt_disable":"","_jetpack_memberships_contains_paid_content":false,"footnotes":""},"categories":[109,47],"tags":[1124],"class_list":["post-10038","post","type-post","status-publish","format-standard","has-post-thumbnail","hentry","category-minuto-a-minuto","category-zona-gris","tag-maria-elena-rios-ortiz"],"jetpack_featured_media_url":"https:\/\/zonaroja.com.mx\/wp-content\/uploads\/2019\/12\/\u00c1cido-Mar\u00eda-Elena-R\u00edos-1.jpg","jetpack_sharing_enabled":true,"_links":{"self":[{"href":"https:\/\/zonaroja.com.mx\/index.php?rest_route=\/wp\/v2\/posts\/10038","targetHints":{"allow":["GET"]}}],"collection":[{"href":"https:\/\/zonaroja.com.mx\/index.php?rest_route=\/wp\/v2\/posts"}],"about":[{"href":"https:\/\/zonaroja.com.mx\/index.php?rest_route=\/wp\/v2\/types\/post"}],"author":[{"embeddable":true,"href":"https:\/\/zonaroja.com.mx\/index.php?rest_route=\/wp\/v2\/users\/2"}],"replies":[{"embeddable":true,"href":"https:\/\/zonaroja.com.mx\/index.php?rest_route=%2Fwp%2Fv2%2Fcomments&post=10038"}],"version-history":[{"count":1,"href":"https:\/\/zonaroja.com.mx\/index.php?rest_route=\/wp\/v2\/posts\/10038\/revisions"}],"predecessor-version":[{"id":10039,"href":"https:\/\/zonaroja.com.mx\/index.php?rest_route=\/wp\/v2\/posts\/10038\/revisions\/10039"}],"wp:featuredmedia":[{"embeddable":true,"href":"https:\/\/zonaroja.com.mx\/index.php?rest_route=\/wp\/v2\/media\/6786"}],"wp:attachment":[{"href":"https:\/\/zonaroja.com.mx\/index.php?rest_route=%2Fwp%2Fv2%2Fmedia&parent=10038"}],"wp:term":[{"taxonomy":"category","embeddable":true,"href":"https:\/\/zonaroja.com.mx\/index.php?rest_route=%2Fwp%2Fv2%2Fcategories&post=10038"},{"taxonomy":"post_tag","embeddable":true,"href":"https:\/\/zonaroja.com.mx\/index.php?rest_route=%2Fwp%2Fv2%2Ftags&post=10038"}],"curies":[{"name":"wp","href":"https:\/\/api.w.org\/{rel}","templated":true}]}}