{"id":10046,"date":"2020-03-18T23:18:45","date_gmt":"2020-03-19T05:18:45","guid":{"rendered":"https:\/\/www.zonaroja.com.mx\/?p=10046"},"modified":"2020-03-18T23:18:47","modified_gmt":"2020-03-19T05:18:47","slug":"registra-mexico-primer-muerto-por-coronavirus-oaxaca-con-6-casos-sospechosos","status":"publish","type":"post","link":"https:\/\/zonaroja.com.mx\/?p=10046","title":{"rendered":"Registra M\u00e9xico primer muerto por coronavirus; Oaxaca con 6 casos sospechosos"},"content":{"rendered":"\n<p class=\"MsoNormal\">Redacci\u00f3n\/Zona Roja.<\/p>\n\n\n\n<p class=\"MsoNormal\">Oaxaca de Ju\u00e1rez, Oax., 18 de marzo de 2020.- El gobierno de M\u00e9xico inform\u00f3 que en 24 horas se confirmaron 25 casos de coronavirus, con lo que la cifra ascendi\u00f3 hoy a 118 personas enfermas.<\/p>\n\n\n\n<p class=\"MsoNormal\">Adem\u00e1s, a trav\u00e9s de la Secretar\u00eda de Salud, confirm\u00f3 &nbsp;que hay una persona fallecida con el denominado oficialmente como Covid-19, en la Ciudad de M\u00e9xico<\/p>\n\n\n\n<p class=\"MsoNormal\">Se trata de un hombre de 41 a\u00f1os sin antecedentes de viaje a alguno de los sitios donde circula el virus, se encontraba hospitalizado en el Instituto Nacional de Enfermedades Respiratorias (INER).<\/p>\n\n\n\n<p class=\"MsoNormal\">Mientras tanto, los Servicios de Salud de Oaxaca (SSO) dieron a conocer que a la fecha contin\u00faan dos casos confirmados de coronavirus, cuyos infectados siguen estables y en sus domicilios.<\/p>\n\n\n\n<p class=\"MsoNormal\">En tanto, reconoci\u00f3 que ya son seis casos sospechosos de portador del virus, uno de ellos en la regi\u00f3n Valles Centrales y otro en la Costa.<\/p>\n\n\n\n<p class=\"MsoNormal\">Mientras tanto, el ayuntamiento de Oaxaca de Ju\u00e1rez y m\u00e1s instancias oficiales, como el Tribunal de Justicia Administrativa, se sumaron al paro parcial, en algunos casos, y paro total de labores por un mes, a fin de evitar la propagaci\u00f3n del coronavirus.<\/p>\n","protected":false},"excerpt":{"rendered":"<p>Redacci\u00f3n\/Zona Roja. Oaxaca de Ju\u00e1rez, Oax., 18 de marzo de 2020.- El gobierno de M\u00e9xico&hellip;<\/p>\n","protected":false},"author":2,"featured_media":10045,"comment_status":"closed","ping_status":"open","sticky":false,"template":"","format":"standard","meta":{"_lmt_disableupdate":"","_lmt_disable":"","_jetpack_memberships_contains_paid_content":false,"footnotes":""},"categories":[109,47],"tags":[],"class_list":["post-10046","post","type-post","status-publish","format-standard","has-post-thumbnail","hentry","category-minuto-a-minuto","category-zona-gris"],"jetpack_featured_media_url":"https:\/\/zonaroja.com.mx\/wp-content\/uploads\/2020\/03\/img_0537.jpg","jetpack_sharing_enabled":true,"_links":{"self":[{"href":"https:\/\/zonaroja.com.mx\/index.php?rest_route=\/wp\/v2\/posts\/10046","targetHints":{"allow":["GET"]}}],"collection":[{"href":"https:\/\/zonaroja.com.mx\/index.php?rest_route=\/wp\/v2\/posts"}],"about":[{"href":"https:\/\/zonaroja.com.mx\/index.php?rest_route=\/wp\/v2\/types\/post"}],"author":[{"embeddable":true,"href":"https:\/\/zonaroja.com.mx\/index.php?rest_route=\/wp\/v2\/users\/2"}],"replies":[{"embeddable":true,"href":"https:\/\/zonaroja.com.mx\/index.php?rest_route=%2Fwp%2Fv2%2Fcomments&post=10046"}],"version-history":[{"count":1,"href":"https:\/\/zonaroja.com.mx\/index.php?rest_route=\/wp\/v2\/posts\/10046\/revisions"}],"predecessor-version":[{"id":10047,"href":"https:\/\/zonaroja.com.mx\/index.php?rest_route=\/wp\/v2\/posts\/10046\/revisions\/10047"}],"wp:featuredmedia":[{"embeddable":true,"href":"https:\/\/zonaroja.com.mx\/index.php?rest_route=\/wp\/v2\/media\/10045"}],"wp:attachment":[{"href":"https:\/\/zonaroja.com.mx\/index.php?rest_route=%2Fwp%2Fv2%2Fmedia&parent=10046"}],"wp:term":[{"taxonomy":"category","embeddable":true,"href":"https:\/\/zonaroja.com.mx\/index.php?rest_route=%2Fwp%2Fv2%2Fcategories&post=10046"},{"taxonomy":"post_tag","embeddable":true,"href":"https:\/\/zonaroja.com.mx\/index.php?rest_route=%2Fwp%2Fv2%2Ftags&post=10046"}],"curies":[{"name":"wp","href":"https:\/\/api.w.org\/{rel}","templated":true}]}}