{"id":10052,"date":"2020-03-19T09:15:25","date_gmt":"2020-03-19T15:15:25","guid":{"rendered":"http:\/\/www.zonaroja.com.mx\/?p=10052"},"modified":"2020-03-19T09:15:29","modified_gmt":"2020-03-19T15:15:29","slug":"primer-muerto-por-coronavirus-en-mexico-habia-ido-a-concierto-masivo","status":"publish","type":"post","link":"https:\/\/zonaroja.com.mx\/?p=10052","title":{"rendered":"Primer muerto por coronavirus en M\u00e9xico hab\u00eda ido a concierto masivo"},"content":{"rendered":"\n<p>Redacci\u00f3n\/Zona Roja Cdmx.<\/p>\n\n\n\n<p>Ciudad de M\u00e9xico, 19 de marzo de 2020.- La\nprimera persona que falleci\u00f3 ayer por la tarde en M\u00e9xico a causa del\ncoronavirus, hab\u00eda acudido a un concierto masivo, por lo que se teme que haya\nm\u00e1s personas contagiadas.<\/p>\n\n\n\n<p>Se trata de un hombre de 41 a\u00f1os de edad\nque acudi\u00f3 al concierto de la banda sueca de rock \u201cGhost\u201d. <\/p>\n\n\n\n<p>La agrupaci\u00f3n llen\u00f3 el pasado 3 de marzo\nel Palacio de los Deportes con un aforo de 22 mil personas. El concierto que ofreci\u00f3\nen M\u00e9xico fue titulado \u00abA final gig named death\u00bb. <\/p>\n\n\n\n<p>De acuerdo con el diario \u201cMilenio\u201d, entre\nlos asistentes tambi\u00e9n se contaron algunos visitantes de pa\u00edses como Brasil que\nportaban su bandera a escala listos para mostrarla en las primeras filas. <\/p>\n\n\n\n<p>Tambi\u00e9n cabe destacar un buen n\u00famero de\nfamilias, hubo un ni\u00f1o de alrededor de cuatro a\u00f1os que iba con el rostro\npintado y se mostraba emocionado desde la espera para entrar. <\/p>\n\n\n\n<p>QUIEREN CERRAR FRONTERAS<\/p>\n\n\n\n<p>Mientras tanto, el Presidente de los\nEstados Unidos de Norteam\u00e9rica, Donald Trump, se proclam\u00f3 ayer presidente en\ntiempos de guerra, prepar\u00f3 al cierre parcial de las fronteras del pa\u00eds y orden\u00f3\nla producci\u00f3n de equipo m\u00e9dico bajo poderes militares ante la invasi\u00f3n del\nCovid-19 en Estados Unidos, mientras Washington impulsa medidas masivas de\nasistencia econ\u00f3mica de emergencia.<\/p>\n\n\n\n<p>\u201cEs una guerra\u2026 Vamos a derrotar al\nenemigo invisible\u201d, afirm\u00f3 el comandante en jefe de Washington en conferencia\nde prensa en la Casa Blanca. <\/p>\n\n\n\n<p>De acuerdo con informaci\u00f3n de \u201cLa\nJornada\u201d, explic\u00f3 que estaba por ordenar ayer mismo el cierre parcial de la\nfrontera con M\u00e9xico, negar el acceso a todo solicitante de asilo y cualquier\npersona que intente ingresar de manera no autorizada y regresarlos de inmediato\na M\u00e9xico, y anunci\u00f3 un acuerdo mutuo para cerrar el tr\u00e1nsito no esencial.<\/p>\n\n\n\n<p>Sin embargo, m\u00e1s tarde fuentes oficiales\nindicaron que la medida podr\u00eda demorarse unos d\u00edas mientras Washington negocia\nla colaboraci\u00f3n del gobierno de M\u00e9xico para su implementaci\u00f3n, report\u00f3 The\nWashington Post.<\/p>\n\n\n\n<p>WUHAN EN CALMA<\/p>\n\n\n\n<p>Mientras tanto, la ciudad de Wuhan,\nepicentro del brote del coronavirus Covid-19, no registr\u00f3 ning\u00fan nuevo caso\nconfirmado de la enfermedad en las \u00faltimas 24 horas, lo que marca un cambio\nimportante tras meses de lucha contra la infecci\u00f3n, inform\u00f3 la Comisi\u00f3n\nNacional de Salud de China (NHC).<\/p>\n\n\n\n<p>Asimismo, destacaron que durante las\n\u00faltimas 24 horas, a nivel nacional solo se registraron 34 nuevas infecciones,\naunque ninguna de ellas de \u201ctipo dom\u00e9sticas\u201d.<\/p>\n\n\n\n<p>Las autoridades de salud del pa\u00eds\nasi\u00e1tico detallaron que hasta el d\u00eda de hoy en el pa\u00eds han muerto 3,245\npersonas, mientras que la cifra de contagios lleg\u00f3 a 80,928, desde que inicio\nel brote de Covid-19. Hasta el momento, en China, se han recuperado 70,420\npersonas.<\/p>\n","protected":false},"excerpt":{"rendered":"<p>Redacci\u00f3n\/Zona Roja Cdmx. Ciudad de M\u00e9xico, 19 de marzo de 2020.- La primera persona que&hellip;<\/p>\n","protected":false},"author":2,"featured_media":9508,"comment_status":"closed","ping_status":"open","sticky":false,"template":"","format":"standard","meta":{"_lmt_disableupdate":"","_lmt_disable":"","_jetpack_memberships_contains_paid_content":false,"footnotes":""},"categories":[109,47],"tags":[1328],"class_list":["post-10052","post","type-post","status-publish","format-standard","has-post-thumbnail","hentry","category-minuto-a-minuto","category-zona-gris","tag-coronavirus-mexico"],"jetpack_featured_media_url":"https:\/\/zonaroja.com.mx\/wp-content\/uploads\/2020\/03\/Coronavirus-Covid.jpg","jetpack_sharing_enabled":true,"_links":{"self":[{"href":"https:\/\/zonaroja.com.mx\/index.php?rest_route=\/wp\/v2\/posts\/10052","targetHints":{"allow":["GET"]}}],"collection":[{"href":"https:\/\/zonaroja.com.mx\/index.php?rest_route=\/wp\/v2\/posts"}],"about":[{"href":"https:\/\/zonaroja.com.mx\/index.php?rest_route=\/wp\/v2\/types\/post"}],"author":[{"embeddable":true,"href":"https:\/\/zonaroja.com.mx\/index.php?rest_route=\/wp\/v2\/users\/2"}],"replies":[{"embeddable":true,"href":"https:\/\/zonaroja.com.mx\/index.php?rest_route=%2Fwp%2Fv2%2Fcomments&post=10052"}],"version-history":[{"count":1,"href":"https:\/\/zonaroja.com.mx\/index.php?rest_route=\/wp\/v2\/posts\/10052\/revisions"}],"predecessor-version":[{"id":10053,"href":"https:\/\/zonaroja.com.mx\/index.php?rest_route=\/wp\/v2\/posts\/10052\/revisions\/10053"}],"wp:featuredmedia":[{"embeddable":true,"href":"https:\/\/zonaroja.com.mx\/index.php?rest_route=\/wp\/v2\/media\/9508"}],"wp:attachment":[{"href":"https:\/\/zonaroja.com.mx\/index.php?rest_route=%2Fwp%2Fv2%2Fmedia&parent=10052"}],"wp:term":[{"taxonomy":"category","embeddable":true,"href":"https:\/\/zonaroja.com.mx\/index.php?rest_route=%2Fwp%2Fv2%2Fcategories&post=10052"},{"taxonomy":"post_tag","embeddable":true,"href":"https:\/\/zonaroja.com.mx\/index.php?rest_route=%2Fwp%2Fv2%2Ftags&post=10052"}],"curies":[{"name":"wp","href":"https:\/\/api.w.org\/{rel}","templated":true}]}}