{"id":10054,"date":"2020-03-19T09:21:44","date_gmt":"2020-03-19T15:21:44","guid":{"rendered":"http:\/\/www.zonaroja.com.mx\/?p=10054"},"modified":"2020-03-19T09:21:49","modified_gmt":"2020-03-19T15:21:49","slug":"recomienda-ieepo-a-reforzar-medidas-preventivas-para-prevenir-contagios","status":"publish","type":"post","link":"https:\/\/zonaroja.com.mx\/?p=10054","title":{"rendered":"Recomienda IEEPO a reforzar medidas preventivas para prevenir contagios"},"content":{"rendered":"\n<p>Redacci\u00f3n\/Zona Roja.<\/p>\n\n\n\n<p>Oaxaca de Ju\u00e1rez, Oax., 19 de marzo de\n2020.- Ante los riesgos de contraer coronavirus, el Instituto Estatal de\nEducaci\u00f3n P\u00fablica de Oaxaca (IEEPO), recomend\u00f3 a la comunidad escolar a que\ndurante los \u00faltimos d\u00edas de clases y en el periodo de suspensi\u00f3n de actividades\nescolares, determinado del 23 de marzo al 17 de abril, refuercen las medidas\nsanitarias y disposiciones emitidas por la Secretar\u00eda de Educaci\u00f3n P\u00fablica y la\nSecretar\u00eda de Salud para la prevenci\u00f3n y disminuci\u00f3n del impacto de propagaci\u00f3n\ndel COVID-19.<\/p>\n\n\n\n<p>En un comunicado, expuso que como lo ha\nindicado el gobernador Alejandro Murat Hinojosa y el titular de la SEP, Esteban\nMoctezuma Barrag\u00e1n, el director general del IEEPO, Francisco \u00c1ngel Villarreal,\nse\u00f1al\u00f3 que el receso escolar, no son vacaciones tradicionales y el objetivo es\naislarse voluntariamente, tomar todas las recomendaciones de higiene y aprender\ndesde el hogar.<\/p>\n\n\n\n<p>A los directores de escuelas, se les\npide fortalecer el filtro de corresponsabilidad al acceso del alumnado a los\nplanteles; organizar jornadas para realizar la limpieza de las escuelas y\nmantener la operaci\u00f3n de la Comisi\u00f3n de Salud, despu\u00e9s de la epidemia, para\natender y cuidar otros temas de higiene y salud escolar, como es el caso de\nobesidad, h\u00e1bitos saludables y otras contingencias sanitarias.<\/p>\n\n\n\n<p>A trav\u00e9s de una carta p\u00fablica, el\nSecretario de Educaci\u00f3n P\u00fablica indic\u00f3 que en estos momentos de grandes retos\npara una vida sana escolar, las y los docentes tienen la oportunidad de\ndemostrar que son los grandes agentes de transformaci\u00f3n del pa\u00eds y que en ellos\nse tienen a las mejores manos, las mentes m\u00e1s l\u00facidas y los corazones m\u00e1s\ngenerosos para cuidar de nuestra comunidad.<\/p>\n\n\n\n<p>Recomend\u00f3 inculcar en las ni\u00f1as y ni\u00f1os\nel aprendizaje del lavado correcto de las manos con agua y jab\u00f3n continuamente;\nque no se saluden de mano, beso o abrazo, al toser o estornudar, cubrir la\nnariz y boca con el \u00e1ngulo interno del brazo, entre otras medidas.<\/p>\n\n\n\n<p>Para aprovechar el tiempo en el receso\nescolar, las opciones pueden ser la lectura; la escritura al narrar la\nexperiencia que est\u00e1n viviendo, juegos de mesa como el ajedrez, y las\nconversaciones en familia.<\/p>\n\n\n\n<p>La suspensi\u00f3n de actividades escolares\nes \u00f3ptima en su tiempo, de acuerdo con la Secretar\u00eda de Salud frente a la curva\nesperada del contagio.<\/p>\n","protected":false},"excerpt":{"rendered":"<p>Redacci\u00f3n\/Zona Roja. Oaxaca de Ju\u00e1rez, Oax., 19 de marzo de 2020.- Ante los riesgos de&hellip;<\/p>\n","protected":false},"author":2,"featured_media":10055,"comment_status":"closed","ping_status":"open","sticky":false,"template":"","format":"standard","meta":{"_lmt_disableupdate":"","_lmt_disable":"","_jetpack_memberships_contains_paid_content":false,"footnotes":""},"categories":[109,46],"tags":[599],"class_list":["post-10054","post","type-post","status-publish","format-standard","has-post-thumbnail","hentry","category-minuto-a-minuto","category-zona-blanca","tag-instituto-estatal-de-educacion-publica-de-oaxaca"],"jetpack_featured_media_url":"https:\/\/zonaroja.com.mx\/wp-content\/uploads\/2020\/03\/IEEPO-03.jpg","jetpack_sharing_enabled":true,"_links":{"self":[{"href":"https:\/\/zonaroja.com.mx\/index.php?rest_route=\/wp\/v2\/posts\/10054","targetHints":{"allow":["GET"]}}],"collection":[{"href":"https:\/\/zonaroja.com.mx\/index.php?rest_route=\/wp\/v2\/posts"}],"about":[{"href":"https:\/\/zonaroja.com.mx\/index.php?rest_route=\/wp\/v2\/types\/post"}],"author":[{"embeddable":true,"href":"https:\/\/zonaroja.com.mx\/index.php?rest_route=\/wp\/v2\/users\/2"}],"replies":[{"embeddable":true,"href":"https:\/\/zonaroja.com.mx\/index.php?rest_route=%2Fwp%2Fv2%2Fcomments&post=10054"}],"version-history":[{"count":1,"href":"https:\/\/zonaroja.com.mx\/index.php?rest_route=\/wp\/v2\/posts\/10054\/revisions"}],"predecessor-version":[{"id":10056,"href":"https:\/\/zonaroja.com.mx\/index.php?rest_route=\/wp\/v2\/posts\/10054\/revisions\/10056"}],"wp:featuredmedia":[{"embeddable":true,"href":"https:\/\/zonaroja.com.mx\/index.php?rest_route=\/wp\/v2\/media\/10055"}],"wp:attachment":[{"href":"https:\/\/zonaroja.com.mx\/index.php?rest_route=%2Fwp%2Fv2%2Fmedia&parent=10054"}],"wp:term":[{"taxonomy":"category","embeddable":true,"href":"https:\/\/zonaroja.com.mx\/index.php?rest_route=%2Fwp%2Fv2%2Fcategories&post=10054"},{"taxonomy":"post_tag","embeddable":true,"href":"https:\/\/zonaroja.com.mx\/index.php?rest_route=%2Fwp%2Fv2%2Ftags&post=10054"}],"curies":[{"name":"wp","href":"https:\/\/api.w.org\/{rel}","templated":true}]}}