{"id":10057,"date":"2020-03-19T09:25:36","date_gmt":"2020-03-19T15:25:36","guid":{"rendered":"http:\/\/www.zonaroja.com.mx\/?p=10057"},"modified":"2020-03-19T09:25:42","modified_gmt":"2020-03-19T15:25:42","slug":"pide-congreso-reforzar-medidas-sanitarias-y-de-informacion-en-ceresos","status":"publish","type":"post","link":"https:\/\/zonaroja.com.mx\/?p=10057","title":{"rendered":"Pide Congreso reforzar medidas sanitarias y de informaci\u00f3n en Ceresos"},"content":{"rendered":"\n<p>Redacci\u00f3n\/Zona Roja.<\/p>\n\n\n\n<p>Oaxaca de Ju\u00e1rez, Oax., 19 de marzo de\n2020.- Ante la situaci\u00f3n sanitaria derivada de la presencia del virus Covid-19\nen Oaxaca, a propuesta de la diputada Magaly L\u00f3pez, el Congreso del Estado\nexhort\u00f3 al gobernador Alejandro Murat para que, a trav\u00e9s del secretario de\nSeguridad P\u00fablica, Ernesto Salcedo, garanticen el derecho a la informaci\u00f3n\noportuna de las personas privadas de su libertad en centros penitenciarios y en\nla Direcci\u00f3n de Ejecuci\u00f3n de Medidas para Adolescentes, referentes a la\nenfermedad causada por dicho coronavirus.<\/p>\n\n\n\n<p>Asimismo, en un segundo punto de este\nexhorto, se solicita tambi\u00e9n a los Servicios de Salud de Oaxaca para que en\ncoordinaci\u00f3n con la SSPO, implementen las medidas necesarias dentro de los Centros\nde Reinserci\u00f3n Social (Cereso) del estado para evitar casos de enfermedad\ncausada por el Covid-19, por lo que se sugiere prestar especial atenci\u00f3n a la\n\u00abpoblaci\u00f3n puente\u00bb, como pueden ser el personal policial, el personal\nadministrativo, familiares y visitantes, los cuales pueden ser el canal de\npropagaci\u00f3n tanto para el interior de los centros como&nbsp; para la poblaci\u00f3n externa.<\/p>\n\n\n\n<p>De igual forma se establece que entre\nlas medidas a tomar en dichos centros penitenciarios deber\u00e1n ser, colocar\ncontenedores de agua y jab\u00f3n en los accesos a las \u00e1reas de visita com\u00fan y\nvisita conyugal, con la finalidad de que las personas visitantes puedan tener\nacceso a la higiene de manos, as\u00ed como garantizar el subministro de agua\npotable en los Centros de Reinserci\u00f3n Social del Estado y en la Direcci\u00f3n de\nEjecuci\u00f3n de Medidas para Adolescentes (DEMA).<\/p>\n\n\n\n<p>La legisladora por el Partido Morena dijo\nque tambi\u00e9n debe ser necesario garantizar que ante la contingencia sanitaria\nlas personas privadas de la libertad cuenten en todo momento con servicio\nm\u00e9dico, ello con la finalidad de se pueda detectar alg\u00fan posible caso de\npersonas infectadas por Covid-19 y se evite su proliferaci\u00f3n.<\/p>\n\n\n\n<p>Dijo que es importante que se tomen\nestas medidas debido a que son lugares en los cuales convergen sectores\npoblacionales con una doble o triple vulnerabilidad, la primera tiene que ver\ncon su condici\u00f3n de privaci\u00f3n de la libertad, las dem\u00e1s responden a su\ncondici\u00f3n de salud, la cual en muchas ocasiones fue diagnosticada antes de la\nprivaci\u00f3n de la libertad, pero empeorada a ra\u00edz de la privaci\u00f3n de la libertad,\nentre las que se encuentran personas con tuberculosis, diabetes, con VIH, o con\nc\u00e1ncer.<\/p>\n","protected":false},"excerpt":{"rendered":"<p>Redacci\u00f3n\/Zona Roja. Oaxaca de Ju\u00e1rez, Oax., 19 de marzo de 2020.- Ante la situaci\u00f3n sanitaria&hellip;<\/p>\n","protected":false},"author":2,"featured_media":10058,"comment_status":"closed","ping_status":"open","sticky":false,"template":"","format":"standard","meta":{"_lmt_disableupdate":"","_lmt_disable":"","_jetpack_memberships_contains_paid_content":false,"footnotes":""},"categories":[109,46],"tags":[192],"class_list":["post-10057","post","type-post","status-publish","format-standard","has-post-thumbnail","hentry","category-minuto-a-minuto","category-zona-blanca","tag-diputada-magaly-lopez-dominguez"],"jetpack_featured_media_url":"https:\/\/zonaroja.com.mx\/wp-content\/uploads\/2020\/03\/Pide-Congreso-reforzar-medidas-sanitarias-y-de-informacio\u0301n-en-Centros-penitenciarios-ante-Coronavirus-.jpeg","jetpack_sharing_enabled":true,"_links":{"self":[{"href":"https:\/\/zonaroja.com.mx\/index.php?rest_route=\/wp\/v2\/posts\/10057","targetHints":{"allow":["GET"]}}],"collection":[{"href":"https:\/\/zonaroja.com.mx\/index.php?rest_route=\/wp\/v2\/posts"}],"about":[{"href":"https:\/\/zonaroja.com.mx\/index.php?rest_route=\/wp\/v2\/types\/post"}],"author":[{"embeddable":true,"href":"https:\/\/zonaroja.com.mx\/index.php?rest_route=\/wp\/v2\/users\/2"}],"replies":[{"embeddable":true,"href":"https:\/\/zonaroja.com.mx\/index.php?rest_route=%2Fwp%2Fv2%2Fcomments&post=10057"}],"version-history":[{"count":1,"href":"https:\/\/zonaroja.com.mx\/index.php?rest_route=\/wp\/v2\/posts\/10057\/revisions"}],"predecessor-version":[{"id":10059,"href":"https:\/\/zonaroja.com.mx\/index.php?rest_route=\/wp\/v2\/posts\/10057\/revisions\/10059"}],"wp:featuredmedia":[{"embeddable":true,"href":"https:\/\/zonaroja.com.mx\/index.php?rest_route=\/wp\/v2\/media\/10058"}],"wp:attachment":[{"href":"https:\/\/zonaroja.com.mx\/index.php?rest_route=%2Fwp%2Fv2%2Fmedia&parent=10057"}],"wp:term":[{"taxonomy":"category","embeddable":true,"href":"https:\/\/zonaroja.com.mx\/index.php?rest_route=%2Fwp%2Fv2%2Fcategories&post=10057"},{"taxonomy":"post_tag","embeddable":true,"href":"https:\/\/zonaroja.com.mx\/index.php?rest_route=%2Fwp%2Fv2%2Ftags&post=10057"}],"curies":[{"name":"wp","href":"https:\/\/api.w.org\/{rel}","templated":true}]}}