{"id":10060,"date":"2020-03-19T14:05:01","date_gmt":"2020-03-19T20:05:01","guid":{"rendered":"https:\/\/www.zonaroja.com.mx\/?p=10060"},"modified":"2020-03-19T14:05:04","modified_gmt":"2020-03-19T20:05:04","slug":"avanza-2020-con-5-secuestros-en-oaxaca-en-febrero-aumento","status":"publish","type":"post","link":"https:\/\/zonaroja.com.mx\/?p=10060","title":{"rendered":"Avanza 2020 con 5 secuestros en Oaxaca; en febrero aument\u00f3"},"content":{"rendered":"\n<p class=\"MsoNormal\">Yuridiana Sosa\/Zona Roja.<\/p>\n\n\n\n<p class=\"MsoNormal\">Oaxaca de Ju\u00e1rez, Oax., 19 de marzo de 2020.- En el transcurso del a\u00f1o 2020, el delito de secuestro va en aumento en la entidad oaxaque\u00f1a, con un total de cinco casos, en los que en ninguno se registraron personas detenidas, report\u00f3 la Asociaci\u00f3n Alto al Secuestro.<\/p>\n\n\n\n<p class=\"MsoNormal\">La asociaci\u00f3n civil revel\u00f3 que en febrero se cometieron tres secuestros, lo que representa un incremento respecto a enero y a diciembre de 2019, cuando se llevaron a cabo con dos y cero secuestros, respectivamente.<\/p>\n\n\n\n<p class=\"MsoNormal\">Oaxaca es una de las 12 entidades en M\u00e9xico en las que el plagio registr\u00f3 un alza entre enero y febrero, pero, adem\u00e1s, Alto al Secuestro se\u00f1al\u00f3 que por los cinco delitos de este tipo cometidos en el transcurso del a\u00f1o no hay personas detenidas.<\/p>\n\n\n\n<p class=\"MsoNormal\">A Oaxaca, lo acompa\u00f1an en la lista de estado con incremento en secuestro los estados de&nbsp;<a href=\"\/\/1\">Baja California, Ciudad de M\u00e9xico, Sinaloa, Tamaulipas<\/a>, Chihuahua, Guerrero, Michoac\u00e1n, Nayarit, Nuevo Le\u00f3n, Sonora y Veracruz.<\/p>\n\n\n\n<p class=\"MsoNormal\">A nivel nacional, durante febrero se cometieron 115 secuestros, con 149 v\u00edctimas, pero el reporte oficial de las autoridades en meter\u00eda de seguridad y justicia s\u00f3lo 79 fueron casos con 102 v\u00edctimas, detall\u00f3 Alto al Secuestro.<\/p>\n\n\n\n<p class=\"MsoNormal\">La asociaci\u00f3n indic\u00f3 que, del 1 de diciembre de 2018, al 29 de febrero de 2020, en Oaxaca se cometieron 33 secuestros, inform\u00f3 Alto al Secuestro en su reporte mensual publicado este mes.<\/p>\n","protected":false},"excerpt":{"rendered":"<p>Yuridiana Sosa\/Zona Roja. Oaxaca de Ju\u00e1rez, Oax., 19 de marzo de 2020.- En el transcurso&hellip;<\/p>\n","protected":false},"author":2,"featured_media":7503,"comment_status":"closed","ping_status":"open","sticky":false,"template":"","format":"standard","meta":{"_lmt_disableupdate":"","_lmt_disable":"","_jetpack_memberships_contains_paid_content":false,"footnotes":""},"categories":[109,51],"tags":[],"class_list":["post-10060","post","type-post","status-publish","format-standard","has-post-thumbnail","hentry","category-minuto-a-minuto","category-zona-roja"],"jetpack_featured_media_url":"https:\/\/zonaroja.com.mx\/wp-content\/uploads\/2020\/01\/secuestrox.jpg","jetpack_sharing_enabled":true,"_links":{"self":[{"href":"https:\/\/zonaroja.com.mx\/index.php?rest_route=\/wp\/v2\/posts\/10060","targetHints":{"allow":["GET"]}}],"collection":[{"href":"https:\/\/zonaroja.com.mx\/index.php?rest_route=\/wp\/v2\/posts"}],"about":[{"href":"https:\/\/zonaroja.com.mx\/index.php?rest_route=\/wp\/v2\/types\/post"}],"author":[{"embeddable":true,"href":"https:\/\/zonaroja.com.mx\/index.php?rest_route=\/wp\/v2\/users\/2"}],"replies":[{"embeddable":true,"href":"https:\/\/zonaroja.com.mx\/index.php?rest_route=%2Fwp%2Fv2%2Fcomments&post=10060"}],"version-history":[{"count":1,"href":"https:\/\/zonaroja.com.mx\/index.php?rest_route=\/wp\/v2\/posts\/10060\/revisions"}],"predecessor-version":[{"id":10061,"href":"https:\/\/zonaroja.com.mx\/index.php?rest_route=\/wp\/v2\/posts\/10060\/revisions\/10061"}],"wp:featuredmedia":[{"embeddable":true,"href":"https:\/\/zonaroja.com.mx\/index.php?rest_route=\/wp\/v2\/media\/7503"}],"wp:attachment":[{"href":"https:\/\/zonaroja.com.mx\/index.php?rest_route=%2Fwp%2Fv2%2Fmedia&parent=10060"}],"wp:term":[{"taxonomy":"category","embeddable":true,"href":"https:\/\/zonaroja.com.mx\/index.php?rest_route=%2Fwp%2Fv2%2Fcategories&post=10060"},{"taxonomy":"post_tag","embeddable":true,"href":"https:\/\/zonaroja.com.mx\/index.php?rest_route=%2Fwp%2Fv2%2Ftags&post=10060"}],"curies":[{"name":"wp","href":"https:\/\/api.w.org\/{rel}","templated":true}]}}