{"id":10064,"date":"2020-03-19T18:08:13","date_gmt":"2020-03-20T00:08:13","guid":{"rendered":"http:\/\/www.zonaroja.com.mx\/?p=10064"},"modified":"2020-03-19T18:08:16","modified_gmt":"2020-03-20T00:08:16","slug":"deja-edil-de-oaxaca-de-juarez-sin-proteccion-por-coronavirus-a-trabajadores","status":"publish","type":"post","link":"https:\/\/zonaroja.com.mx\/?p=10064","title":{"rendered":"Deja edil de Oaxaca de Ju\u00e1rez sin protecci\u00f3n por coronavirus a trabajadores"},"content":{"rendered":"\n<p>Evlin Arag\u00f3n\/Zona Roja.<\/p>\n\n\n\n<p>Oaxaca de Ju\u00e1rez, Oax., 19 de marzo de\n2020.- El presidente municipal de Oaxaca de Ju\u00e1rez, Oswaldo Garc\u00eda Jarqu\u00edn,\nabandon\u00f3 a su suerte a trabajadores del \u00e1rea de limpia y los expone al\ncoronavirus, al no darles materiales de protecci\u00f3n.<\/p>\n\n\n\n<p>As\u00ed lo denunciaron integrantes del\nSindicato \u201c3 de Marzo\u201d, que march\u00f3 por las principales calles; dio \u201cportazo\u201d en\nel acceso al edificio de la presidencia municipal y m\u00e1s tarde bloque\u00f3 calles.<\/p>\n\n\n\n<p>De acuerdo con los inconformes, el ayuntamiento\nno los tom\u00f3 en cuenta en la contingencia por el Covid-19, toda vez que junto\ncon elementos de la polic\u00eda fueron los dos sectores que se decidi\u00f3 mantendr\u00e1n\nlabores durante estos d\u00edas.<\/p>\n\n\n\n<p>Despu\u00e9s del mediod\u00eda,\u00a0 ingresaron por la fuerza al palacio municipal debido a que las autoridades pretend\u00edan cerrar las puertas; en ello, algunos recibieron golpes.<\/p>\n\n\n\n<figure class=\"wp-block-embed-twitter wp-block-embed is-type-rich is-provider-twitter\"><div class=\"wp-block-embed__wrapper\">\n<div class=\"twitter-tweet\"><blockquote class=\"twitter-tweet\" data-lang=\"es\"><p lang=\"es\" dir=\"ltr\"><a href=\"https:\/\/twitter.com\/hashtag\/CoronavirusPandemiaGlobal?src=hash&amp;ref_src=twsrc%5Etfw\">#CoronavirusPandemiaGlobal<\/a><br>\u00a1Portazo! Ante la nula atenci\u00f3n del edil <a href=\"https:\/\/twitter.com\/oswaldogarciaj?ref_src=twsrc%5Etfw\">@oswaldogarciaj<\/a>, del <a href=\"https:\/\/twitter.com\/MunicipioOaxaca?ref_src=twsrc%5Etfw\">@MunicipioOaxaca<\/a>, trabajadores de limpia entraron por la fuerza a la sede del ayuntamiento; denuncian que laboran sin medidas preventivas ante coronavirus. <a href=\"https:\/\/t.co\/AGNgQoN1CN\">pic.twitter.com\/AGNgQoN1CN<\/a><\/p>&mdash; Zona Roja Oaxaca (@MexRoja) <a href=\"https:\/\/twitter.com\/MexRoja\/status\/1240716239338532865?ref_src=twsrc%5Etfw\">19 de marzo de 2020<\/a><\/blockquote><\/div>\n<\/div><\/figure>\n\n\n\n<p>Una vez al interior, exigieron\nestablecer di\u00e1logo con el edil Oswaldo Garc\u00eda Jarqu\u00edn para que explique porque\nno han sido tomados en cuenta en la contingencia, pese a que personal del\nmunicipio ya suspendi\u00f3 labores a fin de evitar contagio del virus que atemoriza\nen estos momentos al mundo.<\/p>\n\n\n\n<p>\u201cA nosotros no nos han tomado en cuenta\nlas autoridades, nadie se ha acercado para decirnos qu\u00e9 hay un protocolo para\nevitar el contagio, estamos abandonados por la autoridad\u201d, se escuch\u00f3 entre\ngritos al interior del inmueble.<\/p>\n\n\n\n<p>Denunciaron que actualmente laboran sin\nmedidas preventivas para el contagio de coronavirus ya que no han recibido gel\natibacterial, cubre bocas o cualquier otro material que les permita realizar\nsus actividades de forma segura, mucho menos existe un plan de acci\u00f3n para\nenfrentar la contingencia, dejando al \u00e1rea de limpia a su suerte, a pesar que\nson quienes recorren las calles .diariamente y podr\u00edan estar mayormente\nexpuestos.<\/p>\n\n\n\n<p>\u201cYa que est\u00e9 el muerto entonces nos van\na dar material\u201d se escuch\u00f3 entre los gritos como respuesta al argumento de un\ntrabajador del municipio que trataba de explicar que los cubre bocas llegaran\nhasta el d\u00eda de ma\u00f1ana y ser\u00e1n distribuidos al personal de limpia como parte de\nlos acuerdos previos.<\/p>\n\n\n\n<p>As\u00ed mismo, evidenciaron que no han recibido ning\u00fan tipo de instrucci\u00f3n, es m\u00e1s ni la visita de alg\u00fan funcionario municipal que refiera el protocolo de actuaci\u00f3n ante la contingencia, por lo que se encuentran en la total incertidumbre de lo que podr\u00eda pasar.<\/p>\n\n\n\n<figure class=\"wp-block-embed-twitter wp-block-embed is-type-rich is-provider-twitter\"><div class=\"wp-block-embed__wrapper\">\n<div class=\"twitter-tweet\"><blockquote class=\"twitter-tweet\" data-lang=\"es\"><p lang=\"es\" dir=\"ltr\"><a href=\"https:\/\/twitter.com\/hashtag\/%C3%9AltimoMinuto?src=hash&amp;ref_src=twsrc%5Etfw\">#\u00daltimoMinuto<\/a> <br>A falta de acuerdos y respuestas de edil de @MunicipioOaxac,  <a href=\"https:\/\/twitter.com\/oswaldogarciaj?ref_src=twsrc%5Etfw\">@oswaldogarciaj<\/a>, trabajadores de limpia bloquean la calle Morelos, en inmediaciones de la Plaza de la Danza de la capital oaxaque\u00f1a; no les dan cubrebocas y otros insumos por coronavirus. <a href=\"https:\/\/t.co\/bGggnIpSm6\">pic.twitter.com\/bGggnIpSm6<\/a><\/p>&mdash; Zona Roja Oaxaca (@MexRoja) <a href=\"https:\/\/twitter.com\/MexRoja\/status\/1240766014574469120?ref_src=twsrc%5Etfw\">19 de marzo de 2020<\/a><\/blockquote><\/div>\n<\/div><\/figure>\n\n\n\n<p>Debido a la presencia de elementos de la\npolic\u00eda municipal en el inmueble, los manifestantes aseguraron que la\nadministraci\u00f3n actual reprime a sus trabajadores, mientras que anunciaron no se\nmover\u00edan del lugar hasta hablar directamente con el edil, que al perecer no se\nencontraba en el edificio.<\/p>\n\n\n\n<p>\u201cAh\u00ed est\u00e1 la represi\u00f3n del patr\u00f3n, estos\ncompa\u00f1eros salieron lastimados por no querer dejarnos entrar\u201d, indicaron\nmientras mostraban el brazo lastimado de unos de sus compa\u00f1eros asegurando qu\u00e9\nhay discriminaci\u00f3n hacia el gremio sindical, espec\u00edficamente en el sector de\nlimpia.<\/p>\n\n\n\n<p>Alrededor de la una de la tarde, una\ncomisi\u00f3n fue atendida por el edil Garc\u00eda Jarqu\u00edn, que tuvo que llegar a su\noficina. Sin embargo, dos horas m\u00e1s tarde no hubo acuerdos por lo cual los\ntrabajadores de limpia bloquearon por unas tres horas la calle Morelos, en\ninmediaciones de la Plaza de la Danza.<\/p>\n","protected":false},"excerpt":{"rendered":"<p>Evlin Arag\u00f3n\/Zona Roja. Oaxaca de Ju\u00e1rez, Oax., 19 de marzo de 2020.- El presidente municipal&hellip;<\/p>\n","protected":false},"author":2,"featured_media":10065,"comment_status":"closed","ping_status":"open","sticky":false,"template":"","format":"standard","meta":{"_lmt_disableupdate":"","_lmt_disable":"","_jetpack_memberships_contains_paid_content":false,"footnotes":""},"categories":[109,47],"tags":[1535],"class_list":["post-10064","post","type-post","status-publish","format-standard","has-post-thumbnail","hentry","category-minuto-a-minuto","category-zona-gris","tag-protestan-barrenderos-ciudad-de-oaxaca"],"jetpack_featured_media_url":"https:\/\/zonaroja.com.mx\/wp-content\/uploads\/2020\/03\/Protesta-barrenderos-Oaxaca.png","jetpack_sharing_enabled":true,"_links":{"self":[{"href":"https:\/\/zonaroja.com.mx\/index.php?rest_route=\/wp\/v2\/posts\/10064","targetHints":{"allow":["GET"]}}],"collection":[{"href":"https:\/\/zonaroja.com.mx\/index.php?rest_route=\/wp\/v2\/posts"}],"about":[{"href":"https:\/\/zonaroja.com.mx\/index.php?rest_route=\/wp\/v2\/types\/post"}],"author":[{"embeddable":true,"href":"https:\/\/zonaroja.com.mx\/index.php?rest_route=\/wp\/v2\/users\/2"}],"replies":[{"embeddable":true,"href":"https:\/\/zonaroja.com.mx\/index.php?rest_route=%2Fwp%2Fv2%2Fcomments&post=10064"}],"version-history":[{"count":1,"href":"https:\/\/zonaroja.com.mx\/index.php?rest_route=\/wp\/v2\/posts\/10064\/revisions"}],"predecessor-version":[{"id":10066,"href":"https:\/\/zonaroja.com.mx\/index.php?rest_route=\/wp\/v2\/posts\/10064\/revisions\/10066"}],"wp:featuredmedia":[{"embeddable":true,"href":"https:\/\/zonaroja.com.mx\/index.php?rest_route=\/wp\/v2\/media\/10065"}],"wp:attachment":[{"href":"https:\/\/zonaroja.com.mx\/index.php?rest_route=%2Fwp%2Fv2%2Fmedia&parent=10064"}],"wp:term":[{"taxonomy":"category","embeddable":true,"href":"https:\/\/zonaroja.com.mx\/index.php?rest_route=%2Fwp%2Fv2%2Fcategories&post=10064"},{"taxonomy":"post_tag","embeddable":true,"href":"https:\/\/zonaroja.com.mx\/index.php?rest_route=%2Fwp%2Fv2%2Ftags&post=10064"}],"curies":[{"name":"wp","href":"https:\/\/api.w.org\/{rel}","templated":true}]}}