{"id":10067,"date":"2020-03-19T19:10:11","date_gmt":"2020-03-20T01:10:11","guid":{"rendered":"http:\/\/www.zonaroja.com.mx\/?p=10067"},"modified":"2020-03-19T19:10:14","modified_gmt":"2020-03-20T01:10:14","slug":"llaman-a-oaxaquenos-a-quedarse-en-casa-para-evitar-contagio-de-covid-19","status":"publish","type":"post","link":"https:\/\/zonaroja.com.mx\/?p=10067","title":{"rendered":"Llaman a oaxaque\u00f1os a quedarse en casa para evitar contagio de Covid-19"},"content":{"rendered":"\n<p>Redacci\u00f3n\/Zona Roja.<\/p>\n\n\n\n<p>Oaxaca de Ju\u00e1rez, Oax. 19 de marzo de\n2020.- Autoridades en materia de salud de Oaxaca informaron que es necesario un\ncambio de comportamiento social, en donde las personas hagan conciencia de la\nimportancia de la Jornada Nacional \u201cSana distancia\u201d, la cual va a permitir\nmitigar el contagio del Covid-19.<\/p>\n\n\n\n<p>Hizo \u00e9nfasis en que los pacientes con\ns\u00edntomas respiratorios (independientemente de si se trata o no de Covid-19) se\nqueden en casa y sigan las indicaciones del m\u00e9dico, as\u00ed como evitar visitas de\namigos y familiares, ello permitir\u00e1 disminuir significativamente la circulaci\u00f3n\ndel virus en la v\u00eda p\u00fablica, y proteger a las personas m\u00e1s vulnerables, como\nson los adultos mayores, embarazadas y personas con enfermedades cr\u00f3nico\ndegenerativas.<\/p>\n\n\n\n<p>El titular de los Servicios de Salud de\nOaxaca (SSO), Donato Casas, asever\u00f3 que las medidas de prevenci\u00f3n son\nnecesarias para frenar la velocidad en que el virus est\u00e1 atacando en el mundo,\nla evoluci\u00f3n epidemiol\u00f3gica de la enfermedad en la entidad ser\u00e1 un proceso\nlargo, alrededor de las 12 semanas se alcanzar\u00e1 el pico m\u00e1s alto, de ah\u00ed la\nimportancia de anticiparse y evitar que la poblaci\u00f3n se enferme\nsimult\u00e1neamente.<\/p>\n\n\n\n<p>Detall\u00f3 que la magnitud e impacto de la\nepidemia en los oaxaque\u00f1os depender\u00e1 de una serie de factores claves,\nprincipalmente de reducir la movilidad e interacci\u00f3n de las personas, para que\nel virus tenga menos oportunidades de propagarse, adem\u00e1s de enfatizar en toda\nla poblaci\u00f3n el lavado de manos con agua y jab\u00f3n de manera constante.<\/p>\n\n\n\n<p>Asegur\u00f3 que por instrucciones del\ngobernador, Alejandro Murat Hinojosa, se reforzaron las medidas precautorias,\nas\u00ed como la difusi\u00f3n, capacitaci\u00f3n y pl\u00e1ticas informativas con diversos\nsectores de la ciudadan\u00eda y de la red de Municipios por la Salud, para que en\nconjunto se eviten contagios, adem\u00e1s de proteger a los grupos de riesgo.<\/p>\n\n\n\n<p>Finalmente, hizo un llamado para\nmantener una visi\u00f3n de comunidad, no de personas, \u201cel Covid-19 se propaga a\ntrav\u00e9s de redes humanas, el comportamiento de un individuo puede causar da\u00f1os\nseveros en la salud de las personas m\u00e1s vulnerables. Al cuidarte, cuidas a los\ndem\u00e1s\u201d.<\/p>\n","protected":false},"excerpt":{"rendered":"<p>Redacci\u00f3n\/Zona Roja. Oaxaca de Ju\u00e1rez, Oax. 19 de marzo de 2020.- Autoridades en materia de&hellip;<\/p>\n","protected":false},"author":2,"featured_media":10068,"comment_status":"closed","ping_status":"open","sticky":false,"template":"","format":"standard","meta":{"_lmt_disableupdate":"","_lmt_disable":"","_jetpack_memberships_contains_paid_content":false,"footnotes":""},"categories":[109,47],"tags":[1512],"class_list":["post-10067","post","type-post","status-publish","format-standard","has-post-thumbnail","hentry","category-minuto-a-minuto","category-zona-gris","tag-coronavirus-oaxaca"],"jetpack_featured_media_url":"https:\/\/zonaroja.com.mx\/wp-content\/uploads\/2020\/03\/Salud-coronavirus.jpg","jetpack_sharing_enabled":true,"_links":{"self":[{"href":"https:\/\/zonaroja.com.mx\/index.php?rest_route=\/wp\/v2\/posts\/10067","targetHints":{"allow":["GET"]}}],"collection":[{"href":"https:\/\/zonaroja.com.mx\/index.php?rest_route=\/wp\/v2\/posts"}],"about":[{"href":"https:\/\/zonaroja.com.mx\/index.php?rest_route=\/wp\/v2\/types\/post"}],"author":[{"embeddable":true,"href":"https:\/\/zonaroja.com.mx\/index.php?rest_route=\/wp\/v2\/users\/2"}],"replies":[{"embeddable":true,"href":"https:\/\/zonaroja.com.mx\/index.php?rest_route=%2Fwp%2Fv2%2Fcomments&post=10067"}],"version-history":[{"count":1,"href":"https:\/\/zonaroja.com.mx\/index.php?rest_route=\/wp\/v2\/posts\/10067\/revisions"}],"predecessor-version":[{"id":10069,"href":"https:\/\/zonaroja.com.mx\/index.php?rest_route=\/wp\/v2\/posts\/10067\/revisions\/10069"}],"wp:featuredmedia":[{"embeddable":true,"href":"https:\/\/zonaroja.com.mx\/index.php?rest_route=\/wp\/v2\/media\/10068"}],"wp:attachment":[{"href":"https:\/\/zonaroja.com.mx\/index.php?rest_route=%2Fwp%2Fv2%2Fmedia&parent=10067"}],"wp:term":[{"taxonomy":"category","embeddable":true,"href":"https:\/\/zonaroja.com.mx\/index.php?rest_route=%2Fwp%2Fv2%2Fcategories&post=10067"},{"taxonomy":"post_tag","embeddable":true,"href":"https:\/\/zonaroja.com.mx\/index.php?rest_route=%2Fwp%2Fv2%2Ftags&post=10067"}],"curies":[{"name":"wp","href":"https:\/\/api.w.org\/{rel}","templated":true}]}}