{"id":10070,"date":"2020-03-19T20:01:13","date_gmt":"2020-03-20T02:01:13","guid":{"rendered":"http:\/\/www.zonaroja.com.mx\/?p=10070"},"modified":"2020-03-19T20:01:16","modified_gmt":"2020-03-20T02:01:16","slug":"lider-del-congreso-llama-a-estrechar-comunicacion-con-municipios-ante-coronavirus","status":"publish","type":"post","link":"https:\/\/zonaroja.com.mx\/?p=10070","title":{"rendered":"L\u00edder del Congreso llama a estrechar comunicaci\u00f3n con municipios, ante coronavirus"},"content":{"rendered":"\n<p>Redacci\u00f3n\/Zona Roja.<\/p>\n\n\n\n<p>Oaxaca de Ju\u00e1rez, Oax., 19 de marzo de\n2020.- Ante la fase 1 de la contingencia sanitaria en el pa\u00eds, el presidente de\nla Junta de Coordinaci\u00f3n Pol\u00edtica del Congreso local, Horacio Sosa, hizo un\nllamado a las autoridades de salud a mantener una comunicaci\u00f3n estrecha con los\n570 municipios de Oaxaca, ante la posibilidad de nuevos contagios de\ncoronavirus en la entidad en los pr\u00f3ximos d\u00edas.<\/p>\n\n\n\n<p>\u201cTenemos que ver como atendemos la\nproblem\u00e1tica que estamos viviendo, yo creo que, este gobierno est\u00e1 rebasado\nante la contingencia\u201d, puntualiz\u00f3 el legislador por el Partido Morena.<\/p>\n\n\n\n<p>Record\u00f3 el caso de La Ci\u00e9nega, Zimatl\u00e1n,\ndonde la presidenta municipal, Concepci\u00f3n Hern\u00e1ndez, manifest\u00f3 que, pese a que\nel secretario de Salud en el estado confirm\u00f3 un caso en la comunidad, no\nexisti\u00f3 comunicaci\u00f3n alguna con la autoridad para tomar los protocolos\ncorrespondientes.<\/p>\n\n\n\n<p>El diputado local expres\u00f3 que es\nprioritaria la atenci\u00f3n m\u00e9dica inmediata a las personas diagnosticadas con\ndicho virus para evitar su propagaci\u00f3n en las regiones del estado, para lo cual\nse requieren recursos necesarios para atender la pandemia.<\/p>\n\n\n\n<p>\u201cEl Congreso del Estado, exhort\u00f3 al\ngobernador para que, a trav\u00e9s de su secretario de finanzas, se tengan los\nrecursos necesarios para atender esta contingencia a beneficio de la comunidad\noaxaque\u00f1a\u201d, refiri\u00f3.<\/p>\n\n\n\n<p>Tambi\u00e9n dijo que las sesiones ordinarias\ndel Congreso local, se desarrollar\u00e1n en las fechas programadas, tomando en\ncuenta todas las medidas de higiene, ello por acuerdo parlamentario.<\/p>\n\n\n\n<p>Sin embargo, pidi\u00f3 a las autoridades\nmunicipales y al p\u00fablico en general a abstenerse de visitar las instalaciones\ndel Poder Legislativo, al menos hasta el pr\u00f3ximo 20 de abril.<\/p>\n","protected":false},"excerpt":{"rendered":"<p>Redacci\u00f3n\/Zona Roja. Oaxaca de Ju\u00e1rez, Oax., 19 de marzo de 2020.- Ante la fase 1&hellip;<\/p>\n","protected":false},"author":2,"featured_media":10071,"comment_status":"closed","ping_status":"open","sticky":false,"template":"","format":"standard","meta":{"_lmt_disableupdate":"","_lmt_disable":"","_jetpack_memberships_contains_paid_content":false,"footnotes":""},"categories":[109,47],"tags":[1512,444],"class_list":["post-10070","post","type-post","status-publish","format-standard","has-post-thumbnail","hentry","category-minuto-a-minuto","category-zona-gris","tag-coronavirus-oaxaca","tag-horacio-sosa-villavicencio"],"jetpack_featured_media_url":"https:\/\/zonaroja.com.mx\/wp-content\/uploads\/2020\/03\/Llama-Horacio-Sosa-a-estrechar-comunicacio\u0301n-con-municipios-ante-casos-de-Covid-19-.jpeg","jetpack_sharing_enabled":true,"_links":{"self":[{"href":"https:\/\/zonaroja.com.mx\/index.php?rest_route=\/wp\/v2\/posts\/10070","targetHints":{"allow":["GET"]}}],"collection":[{"href":"https:\/\/zonaroja.com.mx\/index.php?rest_route=\/wp\/v2\/posts"}],"about":[{"href":"https:\/\/zonaroja.com.mx\/index.php?rest_route=\/wp\/v2\/types\/post"}],"author":[{"embeddable":true,"href":"https:\/\/zonaroja.com.mx\/index.php?rest_route=\/wp\/v2\/users\/2"}],"replies":[{"embeddable":true,"href":"https:\/\/zonaroja.com.mx\/index.php?rest_route=%2Fwp%2Fv2%2Fcomments&post=10070"}],"version-history":[{"count":1,"href":"https:\/\/zonaroja.com.mx\/index.php?rest_route=\/wp\/v2\/posts\/10070\/revisions"}],"predecessor-version":[{"id":10072,"href":"https:\/\/zonaroja.com.mx\/index.php?rest_route=\/wp\/v2\/posts\/10070\/revisions\/10072"}],"wp:featuredmedia":[{"embeddable":true,"href":"https:\/\/zonaroja.com.mx\/index.php?rest_route=\/wp\/v2\/media\/10071"}],"wp:attachment":[{"href":"https:\/\/zonaroja.com.mx\/index.php?rest_route=%2Fwp%2Fv2%2Fmedia&parent=10070"}],"wp:term":[{"taxonomy":"category","embeddable":true,"href":"https:\/\/zonaroja.com.mx\/index.php?rest_route=%2Fwp%2Fv2%2Fcategories&post=10070"},{"taxonomy":"post_tag","embeddable":true,"href":"https:\/\/zonaroja.com.mx\/index.php?rest_route=%2Fwp%2Fv2%2Ftags&post=10070"}],"curies":[{"name":"wp","href":"https:\/\/api.w.org\/{rel}","templated":true}]}}