{"id":10073,"date":"2020-03-19T21:36:49","date_gmt":"2020-03-20T03:36:49","guid":{"rendered":"http:\/\/www.zonaroja.com.mx\/?p=10073"},"modified":"2020-03-19T21:36:52","modified_gmt":"2020-03-20T03:36:52","slug":"suspension-de-laboratorio-que-oferta-prueba-de-coronavirus-fue-en-respuesta-a","status":"publish","type":"post","link":"https:\/\/zonaroja.com.mx\/?p=10073","title":{"rendered":"Suspensi\u00f3n de laboratorio que oferta prueba de coronavirus fue en respuesta a"},"content":{"rendered":"\n<p>denuncias: Profeco<\/p>\n\n\n\n<p>Evlin Arag\u00f3n\/Zona Roja.<\/p>\n\n\n\n<p>Oaxaca de Ju\u00e1rez, Oax., 19 de marzo de\n2020.- La delegaci\u00f3n en Oaxaca de la Procuradur\u00eda Federal del Consumidor (Profeco)\ninform\u00f3 que luego de cuatro denuncias contra el laboratorio particular Ju\u00e1rez\nS.A. de C.V., se realiz\u00f3 la verificaci\u00f3n correspondiente al establecimiento.<\/p>\n\n\n\n<p>Tas ello se corrobor\u00f3 que no contaba con\nel precio exhibido de la prueba del Covid-19, por lo que se procedi\u00f3 a\nsuspender de forma moment\u00e1nea a la empresa para corregir dicha anomal\u00eda,\nparticularmente en tiempo de contingencia sanitaria.<\/p>\n\n\n\n<p>Lo anterior luego de la pol\u00e9mica que se\ngener\u00f3 este mi\u00e9rcoles en las redes sociales en las que se\u00f1alaron a la\ndependencia de obstaculizar que una mujer con s\u00edntomas del coronavirus se\nrealizara una prueba debido a los sellos de suspensi\u00f3n colocados por la Profeco\nen la empresa, ante la falta de informaci\u00f3n visible para las y los\nconsumidores.<\/p>\n\n\n\n<p>En un breve comunicado, la dependencia\nexplic\u00f3 que en una visita posterior a la primera verificaci\u00f3n se constat\u00f3 que\npersist\u00eda la omisi\u00f3n en torno a hacer visibles los costos de la prueba por lo\nque procedi\u00f3 a colocar una medida precautoria mediante los sellos de\nsuspensi\u00f3n.<\/p>\n\n\n\n<p>As\u00ed mismo, detall\u00f3 que una vez que la\nempresa acredit\u00f3 que la pr\u00e1ctica comercial fue regularizada y seguido el\nprocedimiento administrativo, se resolvi\u00f3 retirar los sellos. Con lo que neg\u00f3\nque se trate de un tema personal en contra del laboratorio o de no permitir la\ntoma de pruebas del virus que se propaga a nivel mundial.<\/p>\n\n\n\n<p>En este sentido, la delegada Mar\u00eda de\nLourdes Santiago aprovech\u00f3 para hacer un llamado a la poblaci\u00f3n a denunciar cualquier\nirregularidad en los servicios cl\u00ednicos y de salud particulares en estos\ntiempos de contingencia, ellos fin de evitar que las empresas se aprovechen de\nla situaci\u00f3n.<\/p>\n\n\n\n<p>La pol\u00e9mica comenz\u00f3 la tarde de este\nmi\u00e9rcoles a trav\u00e9s de las redes sociales cuando varios usuarios se\u00f1alaron a la\nresponsable de la instancia en Oaxaca, de impedir que personas con s\u00edntomas de\nCovid-19 se realizar\u00e1n la prueba que les permitir\u00e1 confirmar o descartar la\nportaci\u00f3n del virus.<\/p>\n\n\n\n<p>La funcionaria explic\u00f3 que la acci\u00f3n\nrealizada fue en atenci\u00f3n de las denuncias presentadas ya que la Profeco tiene\nla obligaci\u00f3n de atender, se verifica en campo y de acreditarse alguna\ninfracci\u00f3n se suspende la pr\u00e1ctica comercial, no as\u00ed el servicio.<\/p>\n\n\n\n<p>\u201cNo estamos impidiendo nada. Estamos\natendiendo denuncias por pr\u00e1cticas comerciales abusivas en establecimientos\ndiversos y en este encontramos una pr\u00e1ctica comercial desleal. La pr\u00e1ctica se\nsuspende como medida precautoria, no as\u00ed el servicio\u201d, se\u00f1al\u00f3 ante las cr\u00edticas\nde algunos trabajadores de los medios de comunicaci\u00f3n.<\/p>\n\n\n\n<p>Mientras que los Servicios de Salud de\nOaxaca informaron que el \u00fanico laboratorio autorizado por el Instituto Nacional\nde Diagn\u00f3stico y Referencia Epidemiol\u00f3gicos para realizar el diagn\u00f3stico\nconfirmatorio de Covid-19 es el Laboratorio Estatal de Salud P\u00fablica de Oaxaca\n(LESPO).<\/p>\n","protected":false},"excerpt":{"rendered":"<p>denuncias: Profeco Evlin Arag\u00f3n\/Zona Roja. Oaxaca de Ju\u00e1rez, Oax., 19 de marzo de 2020.- La&hellip;<\/p>\n","protected":false},"author":2,"featured_media":10074,"comment_status":"closed","ping_status":"open","sticky":false,"template":"","format":"standard","meta":{"_lmt_disableupdate":"","_lmt_disable":"","_jetpack_memberships_contains_paid_content":false,"footnotes":""},"categories":[109,47],"tags":[788],"class_list":["post-10073","post","type-post","status-publish","format-standard","has-post-thumbnail","hentry","category-minuto-a-minuto","category-zona-gris","tag-profeco-oaxaca"],"jetpack_featured_media_url":"https:\/\/zonaroja.com.mx\/wp-content\/uploads\/2020\/03\/Image-1-56-2.png","jetpack_sharing_enabled":true,"_links":{"self":[{"href":"https:\/\/zonaroja.com.mx\/index.php?rest_route=\/wp\/v2\/posts\/10073","targetHints":{"allow":["GET"]}}],"collection":[{"href":"https:\/\/zonaroja.com.mx\/index.php?rest_route=\/wp\/v2\/posts"}],"about":[{"href":"https:\/\/zonaroja.com.mx\/index.php?rest_route=\/wp\/v2\/types\/post"}],"author":[{"embeddable":true,"href":"https:\/\/zonaroja.com.mx\/index.php?rest_route=\/wp\/v2\/users\/2"}],"replies":[{"embeddable":true,"href":"https:\/\/zonaroja.com.mx\/index.php?rest_route=%2Fwp%2Fv2%2Fcomments&post=10073"}],"version-history":[{"count":1,"href":"https:\/\/zonaroja.com.mx\/index.php?rest_route=\/wp\/v2\/posts\/10073\/revisions"}],"predecessor-version":[{"id":10075,"href":"https:\/\/zonaroja.com.mx\/index.php?rest_route=\/wp\/v2\/posts\/10073\/revisions\/10075"}],"wp:featuredmedia":[{"embeddable":true,"href":"https:\/\/zonaroja.com.mx\/index.php?rest_route=\/wp\/v2\/media\/10074"}],"wp:attachment":[{"href":"https:\/\/zonaroja.com.mx\/index.php?rest_route=%2Fwp%2Fv2%2Fmedia&parent=10073"}],"wp:term":[{"taxonomy":"category","embeddable":true,"href":"https:\/\/zonaroja.com.mx\/index.php?rest_route=%2Fwp%2Fv2%2Fcategories&post=10073"},{"taxonomy":"post_tag","embeddable":true,"href":"https:\/\/zonaroja.com.mx\/index.php?rest_route=%2Fwp%2Fv2%2Ftags&post=10073"}],"curies":[{"name":"wp","href":"https:\/\/api.w.org\/{rel}","templated":true}]}}