{"id":10084,"date":"2020-03-20T08:55:44","date_gmt":"2020-03-20T14:55:44","guid":{"rendered":"http:\/\/www.zonaroja.com.mx\/?p=10084"},"modified":"2020-03-20T08:55:47","modified_gmt":"2020-03-20T14:55:47","slug":"reciben-con-protestas-a-lopez-obrador-en-oaxaca-realiza-visita-de-tres-dias","status":"publish","type":"post","link":"https:\/\/zonaroja.com.mx\/?p=10084","title":{"rendered":"Reciben con protestas a L\u00f3pez Obrador en Oaxaca; realiza visita de tres d\u00edas"},"content":{"rendered":"\n<p>Redacci\u00f3n\/Zona Roja.<\/p>\n\n\n\n<p>Oaxaca de Ju\u00e1rez, Oax., 20 de marzo de\n2020.- Con un bloqueo en el crucero al aeropuerto internacional \u201cBenito Ju\u00e1rez\u201d\nde la entidad, por parte de organizaciones sociales, recibir\u00e1n en Oaxaca al\nPresidente Andr\u00e9s Manuel L\u00f3pez Obrador.<\/p>\n\n\n\n<p>Desde hace tres d\u00edas, diversas\nagrupaciones, entre ellas el Comit\u00e9 de Defensa de los Derechos del Pueblo\n(Codep) se manifiestan en Oaxaca para exigir recursos financieros y justicia\npor diversos cr\u00edmenes de sus militantes.<\/p>\n\n\n\n<p>Luego de varios bloqueos ayer, hoy desde\nlas siete de la ma\u00f1ana se apoderaron en la capital de algunos autobuses y se\ntrasladaron al crucero al aeropuerto, sobre la v\u00eda federal 175, Oaxaca-Puerto\n\u00c1ngel, donde mantienen un bloqueo a ambos carriles.<\/p>\n\n\n\n<p>En tanto, el Presidente de M\u00e9xico se\nprev\u00e9 arribe a la terminal a\u00e9rea alrededor de las 10:30 horas; a las 14:00\nhoras inaugurar\u00e1 el hospital del IMSS en la Heroica Ciudad de Tlaxiaco, concluido\ndesde hace m\u00e1s de tres a\u00f1os pero por conflictos con los habitantes, no ha\npodido ser puesto en marcha.<\/p>\n\n\n\n<p>El s\u00e1bado a las 10:30 horas se prev\u00e9\npresida en Guelatao de Ju\u00e1rez, regi\u00f3n Sierra Norte, la ceremonia con motivo del\naniversario del natalicio de don Benito Ju\u00e1rez Garc\u00eda, y donde s\u00f3lo acudir\u00eda\ngente de dicha poblaci\u00f3n zapoteca.<\/p>\n\n\n\n<p>No obstante, la Secci\u00f3n 22 del SNTE ya\nemiti\u00f3 un comunicado en que convoca a sus agremiados a manifestarse en dicho\nacto.<\/p>\n\n\n\n<p>Por la tarde, L\u00f3pez Obrador y el\ngobernador Alejandro Murat Hinojosa acudir\u00e1n a supervisar los trabajos de la\nsupercarretera Oaxaca-Istmo, en el tramo Mitla Tehuantepec, y el domingo\nacudir\u00eda a la supercarretera Oaxaca-Costa, en su tramo Barranca\nLarga-Ventanilla.<\/p>\n","protected":false},"excerpt":{"rendered":"<p>Redacci\u00f3n\/Zona Roja. Oaxaca de Ju\u00e1rez, Oax., 20 de marzo de 2020.- Con un bloqueo en&hellip;<\/p>\n","protected":false},"author":2,"featured_media":10086,"comment_status":"closed","ping_status":"open","sticky":false,"template":"","format":"standard","meta":{"_lmt_disableupdate":"","_lmt_disable":"","_jetpack_memberships_contains_paid_content":false,"footnotes":""},"categories":[109,47],"tags":[1536],"class_list":["post-10084","post","type-post","status-publish","format-standard","has-post-thumbnail","hentry","category-minuto-a-minuto","category-zona-gris","tag-visita-andres-manuel-lopez-obrador-a-oaxaca"],"jetpack_featured_media_url":"https:\/\/zonaroja.com.mx\/wp-content\/uploads\/2020\/03\/Bloqueo-crucero-aeropuerto.jpg","jetpack_sharing_enabled":true,"_links":{"self":[{"href":"https:\/\/zonaroja.com.mx\/index.php?rest_route=\/wp\/v2\/posts\/10084","targetHints":{"allow":["GET"]}}],"collection":[{"href":"https:\/\/zonaroja.com.mx\/index.php?rest_route=\/wp\/v2\/posts"}],"about":[{"href":"https:\/\/zonaroja.com.mx\/index.php?rest_route=\/wp\/v2\/types\/post"}],"author":[{"embeddable":true,"href":"https:\/\/zonaroja.com.mx\/index.php?rest_route=\/wp\/v2\/users\/2"}],"replies":[{"embeddable":true,"href":"https:\/\/zonaroja.com.mx\/index.php?rest_route=%2Fwp%2Fv2%2Fcomments&post=10084"}],"version-history":[{"count":1,"href":"https:\/\/zonaroja.com.mx\/index.php?rest_route=\/wp\/v2\/posts\/10084\/revisions"}],"predecessor-version":[{"id":10087,"href":"https:\/\/zonaroja.com.mx\/index.php?rest_route=\/wp\/v2\/posts\/10084\/revisions\/10087"}],"wp:featuredmedia":[{"embeddable":true,"href":"https:\/\/zonaroja.com.mx\/index.php?rest_route=\/wp\/v2\/media\/10086"}],"wp:attachment":[{"href":"https:\/\/zonaroja.com.mx\/index.php?rest_route=%2Fwp%2Fv2%2Fmedia&parent=10084"}],"wp:term":[{"taxonomy":"category","embeddable":true,"href":"https:\/\/zonaroja.com.mx\/index.php?rest_route=%2Fwp%2Fv2%2Fcategories&post=10084"},{"taxonomy":"post_tag","embeddable":true,"href":"https:\/\/zonaroja.com.mx\/index.php?rest_route=%2Fwp%2Fv2%2Ftags&post=10084"}],"curies":[{"name":"wp","href":"https:\/\/api.w.org\/{rel}","templated":true}]}}