{"id":10096,"date":"2020-03-20T16:30:03","date_gmt":"2020-03-20T22:30:03","guid":{"rendered":"http:\/\/www.zonaroja.com.mx\/?p=10096"},"modified":"2020-03-20T16:30:21","modified_gmt":"2020-03-20T22:30:21","slug":"entre-contingencia-reclamos-y-porra-llega-lopez-obrador-a-oaxaca","status":"publish","type":"post","link":"https:\/\/zonaroja.com.mx\/?p=10096","title":{"rendered":"Entre contingencia, reclamos y porra llega L\u00f3pez Obrador a Oaxaca"},"content":{"rendered":"\n<p>Yuridiana Sosa\/ Zona Roja<\/p>\n\n\n\n<p>Oaxaca de Ju\u00e1rez, Oax., 20 de marzo de\n2020.- Los distintos gritos de demandas por cientos de manifestantes, de\ndistintos grupos, se mezclaron frente al mandatario nacional en su arribo a\nOaxaca.<\/p>\n\n\n\n<p>La visita del Presidente Andr\u00e9s Manuel\nL\u00f3pez Obrador en la entidad siempre es motivo de aglomeraciones. Ni la\ncontingencia sanitaria por el coronavirus Covid-19 detuvo su gira de trabajo,\nmucho menos se contuvieron las protestas.<\/p>\n\n\n\n<p>Fueron las organizaciones sociales que\ndesde hace tres d\u00edas desquician la capital, con marchas y bloqueos, las que\ncomenzaron el desorden ante el arribo del L\u00f3pez Obrador al aeropuerto\ninternacional \u201cBenito Ju\u00e1rez\u201d, ubicado en el municipio conurbado de Santa Cruz\nXoxocotl\u00e1n. <\/p>\n\n\n\n<p>Cerca de las 7:00 horas comenzaron con la retenci\u00f3n de unidades del trasporte urbano para bloquear las vialidades que conectan al aeropuerto con la capital.<\/p>\n\n\n\n<figure class=\"wp-block-embed-twitter wp-block-embed is-type-rich is-provider-twitter\"><div class=\"wp-block-embed__wrapper\">\n<div class=\"twitter-tweet\"><blockquote class=\"twitter-tweet\" data-lang=\"es\"><p lang=\"es\" dir=\"ltr\"><a href=\"https:\/\/twitter.com\/hashtag\/CoronavirusPandemiaGlobal?src=hash&amp;ref_src=twsrc%5Etfw\">#CoronavirusPandemiaGlobal<\/a><br>Las principales autoridades del pa\u00eds y de Oaxaca, <a href=\"https:\/\/twitter.com\/lopezobrador_?ref_src=twsrc%5Etfw\">@lopezobrador_<\/a> y <a href=\"https:\/\/twitter.com\/alejandromurat?ref_src=twsrc%5Etfw\">@alejandromurat<\/a>, no respetan las medidas higi\u00e9nicas que ellos mismos recomiendan para evitar contagios por coronavirus; as\u00ed los saludos de manos en el aeropuerto de la entidad <a href=\"https:\/\/t.co\/iVQ5XlgjLs\">pic.twitter.com\/iVQ5XlgjLs<\/a><\/p>&mdash; Zona Roja Oaxaca (@MexRoja) <a href=\"https:\/\/twitter.com\/MexRoja\/status\/1241080724985245696?ref_src=twsrc%5Etfw\">20 de marzo de 2020<\/a><\/blockquote><\/div>\n<\/div><\/figure>\n\n\n\n<p>El gobernador de Oaxaca, Alejandro Murat\nHinojosa, sufri\u00f3 las consecuencias de la desatenci\u00f3n a los grupos\nmanifestantes, quienes lo obligaron a bajar de su veh\u00edculo para caminar a la\nestaci\u00f3n a\u00e9rea y as\u00ed reclamarle cara a cara la falta de respuestas. <\/p>\n\n\n\n<p>As\u00ed, los manifestantes lograron el\ningreso de una comisi\u00f3n de mujeres para hablar directamente con el presidente.<\/p>\n\n\n\n<p>CERO MEDIDAS<\/p>\n\n\n\n<p>Con un doble saludo de mano, el gobernador\nde Oaxaca recibi\u00f3 al mandatario y entreg\u00f3 el bast\u00f3n de mando. El presidente\ntambi\u00e9n salud\u00f3 a los integrantes de la comita de funcionarios que lo esperaron.<\/p>\n\n\n\n<p>El saludo que han promovido a la\npoblaci\u00f3n como medida preventiva ante el coronavirus, de codo con codo, no se\npractic\u00f3. Mucho menos se pusieron en marcha los sensores de temperatura que\nhace unos d\u00edas presumi\u00f3 el Gobierno del Estado que se implementaron en el\naeropuerto.<\/p>\n\n\n\n<p>Nadie se contuvo. L\u00f3pez Obrador no neg\u00f3\nel saludo de mano a ninguno y nadie quer\u00eda quedares sin saludarlo a su paso\nsobre una valla humana creada por los manifestantes.<\/p>\n\n\n\n<p>PORRAS Y ENOJOS<\/p>\n\n\n\n<p>Tras al menos dos horas de bloqueo al\ncrucero del aeropuerto y ante la llegada de L\u00f3pez Obrador, las organizaciones\nse replegaron. <\/p>\n\n\n\n<p>Abrieron el paso vehicular para organizar un acordonamiento para el paso del mandatario nacional. La intenci\u00f3n, contener su paso acelerado y tener la oportunidad de extender sus quejas y exigencias.<\/p>\n\n\n\n<figure class=\"wp-block-embed-twitter wp-block-embed is-type-rich is-provider-twitter\"><div class=\"wp-block-embed__wrapper\">\n<div class=\"twitter-tweet\"><blockquote class=\"twitter-tweet\" data-lang=\"es\"><p lang=\"es\" dir=\"ltr\"><a href=\"https:\/\/twitter.com\/hashtag\/OaxacaGris?src=hash&amp;ref_src=twsrc%5Etfw\">#OaxacaGris<\/a><br>\u00a1Fuera el Fiscal! \u00a1Fuera el Fiscal! \u00a1Fuera el Fiscal!&#8230; las exigencias en contra del titular de <a href=\"https:\/\/twitter.com\/FISCALIA_GobOax?ref_src=twsrc%5Etfw\">@FISCALIA_GobOax<\/a>, <a href=\"https:\/\/twitter.com\/RVasconcelosM?ref_src=twsrc%5Etfw\">@RVasconcelosM<\/a>, ante <a href=\"https:\/\/twitter.com\/lopezobrador_?ref_src=twsrc%5Etfw\">@lopezobrador_<\/a> y <a href=\"https:\/\/twitter.com\/alejandromurat?ref_src=twsrc%5Etfw\">@alejandromurat<\/a>, a la llegada del Presidente a Oaxaca. <a href=\"https:\/\/t.co\/Bza5jUMFxK\">pic.twitter.com\/Bza5jUMFxK<\/a><\/p>&mdash; Zona Roja Oaxaca (@MexRoja) <a href=\"https:\/\/twitter.com\/MexRoja\/status\/1241085471469367296?ref_src=twsrc%5Etfw\">20 de marzo de 2020<\/a><\/blockquote><\/div>\n<\/div><\/figure>\n\n\n\n<p>Las mujeres, originarias de las\ndistintas comunidades ind\u00edgenas de la entidad, fueron designadas para una\ncomisi\u00f3n y para formar la valla sobre el camino de salida del aeropuerto. El\nintenso calor encend\u00eda la desesperaci\u00f3n por la tardanza, pero sus exigencias la\nenraizaban en el sitio.<\/p>\n\n\n\n<p>Sali\u00f3 el convoy del aeropuerto. A bordo\nde una camioneta negra iba el mandatario, como siempre, en el asiento del\ncopiloto con el vidrio de la ventanilla abajo; saludando y recibiendo\ndocumentos de peticiones.<\/p>\n\n\n\n<p>Durante el trayecto del camino que formaron, cada vez m\u00e1s angosto ante la aglomeraci\u00f3n de manifestantes, los distintos grupos le mostraron con pancartas sus quejas y exigencias.<\/p>\n\n\n\n<figure class=\"wp-block-embed-twitter wp-block-embed is-type-rich is-provider-twitter\"><div class=\"wp-block-embed__wrapper\">\n<div class=\"twitter-tweet\"><blockquote class=\"twitter-tweet\" data-lang=\"es\"><p lang=\"es\" dir=\"ltr\"><a href=\"https:\/\/twitter.com\/hashtag\/OaxacaGris?src=hash&amp;ref_src=twsrc%5Etfw\">#OaxacaGris<\/a><br>Dos d\u00edas de protestas en contra del gobernador <a href=\"https:\/\/twitter.com\/alejandromurat?ref_src=twsrc%5Etfw\">@alejandromurat<\/a> se convirtieron hoy en \u00a1Es un honor, estar con Obrador!<br>Y tambi\u00e9n en \u00a1Fuera el fiscal! \u00a1<a href=\"https:\/\/twitter.com\/RVasconcelosM?ref_src=twsrc%5Etfw\">@RVasconcelosM<\/a> es un corrupto! <br>Con esos reclamos recibieron a <a href=\"https:\/\/twitter.com\/lopezobrador_?ref_src=twsrc%5Etfw\">@lopezobrador_<\/a> en <a href=\"https:\/\/twitter.com\/hashtag\/Oaxaca?src=hash&amp;ref_src=twsrc%5Etfw\">#Oaxaca<\/a>. <a href=\"https:\/\/t.co\/VqKdqd9vS4\">pic.twitter.com\/VqKdqd9vS4<\/a><\/p>&mdash; Zona Roja Oaxaca (@MexRoja) <a href=\"https:\/\/twitter.com\/MexRoja\/status\/1241126971108511744?ref_src=twsrc%5Etfw\">20 de marzo de 2020<\/a><\/blockquote><\/div>\n<\/div><\/figure>\n\n\n\n<p>Las porras en apoyo se mezclaron con los\nreclamos. \u201cFuera el fiscal Rub\u00e9n Vasconcelos\u201d, \u201cEn nuestras comunidades nos\nest\u00e1n matando\u201d; \u201cEs un honor estar con Orador\u201d, Es un honor luchar con\nObrador\u201d, se escucharon casi al mismo tiempo.<\/p>\n\n\n\n<p>El sector salud, tambi\u00e9n hizo acto de\npresencia. Los trabajadores del extinto Seguro Popular exigieron contratos y\nliquidaciones inmediatas. \u201cEl Covid 19 no me mata, me mata el desempleo\u201d, \u201cEn\nlas comunidades no hay personal m\u00e9dico\u201d, \u201cSin personal de salud no hay atenci\u00f3n\nde calidad en Oaxaca\u201d, se leyeron en sus cartulinas.<\/p>\n\n\n\n<p>La seguridad del mandatario no se dio a abasto, por varios metros y minutos la camioneta avanz\u00f3 lento en medio de un tumulto. La calma volvi\u00f3 en el sitio y el convoy aceler\u00f3 para seguir su ruta con destino a Tlaxiaco.<\/p>\n\n\n\n<figure class=\"wp-block-image\"><img decoding=\"async\" width=\"1024\" height=\"597\" src=\"http:\/\/www.zonaroja.com.mx\/wp-content\/uploads\/2020\/03\/Protestas-llegada-de-AMLO-a-Oaxaca-2-1024x597.jpg\" alt=\"\" class=\"wp-image-10097\" srcset=\"https:\/\/zonaroja.com.mx\/wp-content\/uploads\/2020\/03\/Protestas-llegada-de-AMLO-a-Oaxaca-2-1024x597.jpg 1024w, https:\/\/zonaroja.com.mx\/wp-content\/uploads\/2020\/03\/Protestas-llegada-de-AMLO-a-Oaxaca-2-300x175.jpg 300w, https:\/\/zonaroja.com.mx\/wp-content\/uploads\/2020\/03\/Protestas-llegada-de-AMLO-a-Oaxaca-2-768x448.jpg 768w, https:\/\/zonaroja.com.mx\/wp-content\/uploads\/2020\/03\/Protestas-llegada-de-AMLO-a-Oaxaca-2-1170x682.jpg 1170w, https:\/\/zonaroja.com.mx\/wp-content\/uploads\/2020\/03\/Protestas-llegada-de-AMLO-a-Oaxaca-2-585x341.jpg 585w, https:\/\/zonaroja.com.mx\/wp-content\/uploads\/2020\/03\/Protestas-llegada-de-AMLO-a-Oaxaca-2.jpg 1280w\" sizes=\"(max-width: 1024px) 100vw, 1024px\" \/><\/figure>\n","protected":false},"excerpt":{"rendered":"<p>Yuridiana Sosa\/ Zona Roja Oaxaca de Ju\u00e1rez, Oax., 20 de marzo de 2020.- Los distintos&hellip;<\/p>\n","protected":false},"author":2,"featured_media":10098,"comment_status":"closed","ping_status":"open","sticky":false,"template":"","format":"standard","meta":{"_lmt_disableupdate":"","_lmt_disable":"","_jetpack_memberships_contains_paid_content":false,"footnotes":""},"categories":[109,47],"tags":[1538],"class_list":["post-10096","post","type-post","status-publish","format-standard","has-post-thumbnail","hentry","category-minuto-a-minuto","category-zona-gris","tag-gira-de-lopez-obrador-en-oaxaca"],"jetpack_featured_media_url":"https:\/\/zonaroja.com.mx\/wp-content\/uploads\/2020\/03\/Protestas-llegada-de-AMLO-a-Oaxaca-1.jpg","jetpack_sharing_enabled":true,"_links":{"self":[{"href":"https:\/\/zonaroja.com.mx\/index.php?rest_route=\/wp\/v2\/posts\/10096","targetHints":{"allow":["GET"]}}],"collection":[{"href":"https:\/\/zonaroja.com.mx\/index.php?rest_route=\/wp\/v2\/posts"}],"about":[{"href":"https:\/\/zonaroja.com.mx\/index.php?rest_route=\/wp\/v2\/types\/post"}],"author":[{"embeddable":true,"href":"https:\/\/zonaroja.com.mx\/index.php?rest_route=\/wp\/v2\/users\/2"}],"replies":[{"embeddable":true,"href":"https:\/\/zonaroja.com.mx\/index.php?rest_route=%2Fwp%2Fv2%2Fcomments&post=10096"}],"version-history":[{"count":1,"href":"https:\/\/zonaroja.com.mx\/index.php?rest_route=\/wp\/v2\/posts\/10096\/revisions"}],"predecessor-version":[{"id":10099,"href":"https:\/\/zonaroja.com.mx\/index.php?rest_route=\/wp\/v2\/posts\/10096\/revisions\/10099"}],"wp:featuredmedia":[{"embeddable":true,"href":"https:\/\/zonaroja.com.mx\/index.php?rest_route=\/wp\/v2\/media\/10098"}],"wp:attachment":[{"href":"https:\/\/zonaroja.com.mx\/index.php?rest_route=%2Fwp%2Fv2%2Fmedia&parent=10096"}],"wp:term":[{"taxonomy":"category","embeddable":true,"href":"https:\/\/zonaroja.com.mx\/index.php?rest_route=%2Fwp%2Fv2%2Fcategories&post=10096"},{"taxonomy":"post_tag","embeddable":true,"href":"https:\/\/zonaroja.com.mx\/index.php?rest_route=%2Fwp%2Fv2%2Ftags&post=10096"}],"curies":[{"name":"wp","href":"https:\/\/api.w.org\/{rel}","templated":true}]}}