{"id":10105,"date":"2020-03-20T19:39:44","date_gmt":"2020-03-21T01:39:44","guid":{"rendered":"http:\/\/www.zonaroja.com.mx\/?p=10105"},"modified":"2020-03-20T19:53:41","modified_gmt":"2020-03-21T01:53:41","slug":"burocratas-de-oaxaca-exigen-a-su-dirigencia-sindical-cuarentena-pareja","status":"publish","type":"post","link":"https:\/\/zonaroja.com.mx\/?p=10105","title":{"rendered":"Bur\u00f3cratas de Oaxaca exigen a su dirigencia sindical cuarentena \u201cpareja\u201d"},"content":{"rendered":"\n<p>Yuridiana Sosa\/Zona Roja.<\/p>\n\n\n\n<p>Oaxaca de Ju\u00e1rez, Oax., 20 de marzo de\n2020.- Frente a la contingencia por el Covid- 19, integrantes del Sindicato de\nTrabajadores de los Poderes del Estado e Instituciones Descentralizadas de\nCar\u00e1cter Estatal de Oaxaca (STPEIDCEO) exigieron al Comit\u00e9 Ejecutivo detener\nlas actividades laborales para todo el gremio.<\/p>\n\n\n\n<p>El Comit\u00e9 Ejecutivo del sindicato, conformado por un aproximado de 13 mil trabajadores, implement\u00f3 medidas preventivas a partir del pasado 17 de marzo, de forma que escalonada.<\/p>\n\n\n\n<p>Pero la delegaci\u00f3n sindical de la Secretar\u00eda de Turismo exigi\u00f3 que sea para toda la baselaboral, debido a que en los centros laborales a\u00fan persiste un numeroso grupo de trabajadores.<\/p>\n\n\n\n<figure class=\"wp-block-embed-twitter wp-block-embed is-type-rich is-provider-twitter\"><div class=\"wp-block-embed__wrapper\">\n<div class=\"twitter-tweet\"><blockquote class=\"twitter-tweet\" data-lang=\"es\"><p lang=\"es\" dir=\"ltr\"><a href=\"https:\/\/twitter.com\/hashtag\/OaxacaGris?src=hash&amp;ref_src=twsrc%5Etfw\">#OaxacaGris<\/a><br>Los problemas administrativos no han cesado en el <a href=\"https:\/\/twitter.com\/GobOax?ref_src=twsrc%5Etfw\">@GobOax<\/a> y este viernes, trabajadores de la <a href=\"https:\/\/twitter.com\/SECTUR_GobOax?ref_src=twsrc%5Etfw\">@SECTUR_GobOax<\/a> protestaron en contra de la dirigencia del <a href=\"https:\/\/twitter.com\/STPEIDCEO18_21?ref_src=twsrc%5Etfw\">@STPEIDCEO18_21<\/a>, por discriminar a algunos empleados en la contingencia por la pandemia de coronavirus. <a href=\"https:\/\/t.co\/pUTVdMDuDl\">pic.twitter.com\/pUTVdMDuDl<\/a><\/p>&mdash; Zona Roja Oaxaca (@MexRoja) <a href=\"https:\/\/twitter.com\/MexRoja\/status\/1241175482839830530?ref_src=twsrc%5Etfw\">21 de marzo de 2020<\/a><\/blockquote><\/div>\n<\/div><\/figure>\n\n\n\n<p>El representante de los inconformes,\nJos\u00e9 Arturo S\u00e1nchez, exigi\u00f3 que de manera inmediata se suspendan las\nactividades de forma general como una mayor medida de prevenci\u00f3n, pues\nconsideraron injusto que sea solo para unos cuantos.<\/p>\n\n\n\n<p>Desde el pasado 17 de marzo el\nsindicato orden\u00f3, en acuerdo con la Secretar\u00eda de Administraci\u00f3n, el retiro de\nlos centros laborales de los trabajadores mayores de 60 a\u00f1os edad, de los\nenfermos con un padecimiento cr\u00f3nico degenerativo o cardiaco, as\u00ed como las\nembarazadas.<\/p>\n\n\n\n<p>Pero adem\u00e1s, a partir de este viernes\nse permiti\u00f3 la inasistencia de trabajadores madres de familia con hijos en edad\nescolar, de los niveles preescolar, primaria y secundaria.<\/p>\n\n\n\n<p>Las medidas, indicaron, son insuficientes\nporque siguen en contacto con el resto de la poblaci\u00f3n.<\/p>\n","protected":false},"excerpt":{"rendered":"<p>Yuridiana Sosa\/Zona Roja. Oaxaca de Ju\u00e1rez, Oax., 20 de marzo de 2020.- Frente a la&hellip;<\/p>\n","protected":false},"author":2,"featured_media":10106,"comment_status":"closed","ping_status":"open","sticky":false,"template":"","format":"standard","meta":{"_lmt_disableupdate":"","_lmt_disable":"","_jetpack_memberships_contains_paid_content":false,"footnotes":""},"categories":[109,47],"tags":[1539],"class_list":["post-10105","post","type-post","status-publish","format-standard","has-post-thumbnail","hentry","category-minuto-a-minuto","category-zona-gris","tag-protestan-trabajadores-secretaria-de-turismo"],"jetpack_featured_media_url":"https:\/\/zonaroja.com.mx\/wp-content\/uploads\/2020\/03\/Protesta-turismo.jpg","jetpack_sharing_enabled":true,"_links":{"self":[{"href":"https:\/\/zonaroja.com.mx\/index.php?rest_route=\/wp\/v2\/posts\/10105","targetHints":{"allow":["GET"]}}],"collection":[{"href":"https:\/\/zonaroja.com.mx\/index.php?rest_route=\/wp\/v2\/posts"}],"about":[{"href":"https:\/\/zonaroja.com.mx\/index.php?rest_route=\/wp\/v2\/types\/post"}],"author":[{"embeddable":true,"href":"https:\/\/zonaroja.com.mx\/index.php?rest_route=\/wp\/v2\/users\/2"}],"replies":[{"embeddable":true,"href":"https:\/\/zonaroja.com.mx\/index.php?rest_route=%2Fwp%2Fv2%2Fcomments&post=10105"}],"version-history":[{"count":2,"href":"https:\/\/zonaroja.com.mx\/index.php?rest_route=\/wp\/v2\/posts\/10105\/revisions"}],"predecessor-version":[{"id":10110,"href":"https:\/\/zonaroja.com.mx\/index.php?rest_route=\/wp\/v2\/posts\/10105\/revisions\/10110"}],"wp:featuredmedia":[{"embeddable":true,"href":"https:\/\/zonaroja.com.mx\/index.php?rest_route=\/wp\/v2\/media\/10106"}],"wp:attachment":[{"href":"https:\/\/zonaroja.com.mx\/index.php?rest_route=%2Fwp%2Fv2%2Fmedia&parent=10105"}],"wp:term":[{"taxonomy":"category","embeddable":true,"href":"https:\/\/zonaroja.com.mx\/index.php?rest_route=%2Fwp%2Fv2%2Fcategories&post=10105"},{"taxonomy":"post_tag","embeddable":true,"href":"https:\/\/zonaroja.com.mx\/index.php?rest_route=%2Fwp%2Fv2%2Ftags&post=10105"}],"curies":[{"name":"wp","href":"https:\/\/api.w.org\/{rel}","templated":true}]}}