{"id":10111,"date":"2020-03-20T21:19:44","date_gmt":"2020-03-21T03:19:44","guid":{"rendered":"http:\/\/www.zonaroja.com.mx\/?p=10111"},"modified":"2020-03-20T22:25:07","modified_gmt":"2020-03-21T04:25:07","slug":"coronavirus-en-mexico-dos-muertos-y-203-casos-positivos","status":"publish","type":"post","link":"https:\/\/zonaroja.com.mx\/?p=10111","title":{"rendered":"Coronavirus: en M\u00e9xico, dos muertos y 203 casos positivos"},"content":{"rendered":"\n<p>Redacci\u00f3n\/Zona Roja Cdmx.<\/p>\n\n\n\n<p>Ciudad de M\u00e9xico, 20 de marzo de 2020.-\nEl gobierno de M\u00e9xico confirm\u00f3 esta noche que suman dos personas fallecidas a\ncausa del coronavirus, adem\u00e1s de tener registrados 203 casos positivos y 606\ncasos sospechosos. <\/p>\n\n\n\n<p>Asimismo, advirti\u00f3 que vienen las\nsemanas m\u00e1s riesgosas para la poblaci\u00f3n en general, ante la extensi\u00f3n del\ncontagio.<\/p>\n\n\n\n<p>En conferencia de prensa, la Secretar\u00eda\nde Salud federal confirm\u00f3 que los casos positivos aumentaron de 164 a 203 en\nlas \u00faltimas 24 horas.<\/p>\n\n\n\n<p>Indic\u00f3 que en cuanto al estudio de\ncontacto, se han reportado 11 por ciento sintom\u00e1ticos, lo que corresponde a 66\ncontactos y en 27 de ellos, su prueba dio positiva, por lo que se clasificaron\ncomo casos asociados a importaci\u00f3n.<\/p>\n\n\n\n<p>Jos\u00e9 Luis Alom\u00eda, director general de\nEpidemiolog\u00eda de la dependencia federal confirm\u00f3 la segunda defunci\u00f3n por\nCovid-19, de la cual se dieron datos desde el d\u00eda de ayer. <\/p>\n\n\n\n<p>Con este fallecimiento, indic\u00f3, la tasa\nde letalidad actual es del uno por ciento, mientras que 90 por ciento de los\npacientes positivos se mantienen con una atenci\u00f3n ambulatoria.<\/p>\n\n\n\n<p>En cuanto al escenario internacional\ninform\u00f3 que hay 234 mil casos confirmados a nivel mundial, pero desde hace dos\nd\u00edas China ya no reporta nuevos casos, mientras que Europa suma m\u00e1s 104 mil\ncasos positivos, de los cuales se reportaron 17 mil 506 nuevos casos en las\n\u00faltimas 24 horas. En las Am\u00e9ricas, dijo, suman 4 mil 104 casos en las \u00faltimas\nhoras.<\/p>\n\n\n\n<p>Ayer inform\u00f3 que el Consejo de\nSalubridad General llev\u00f3 a cabo la primera sesi\u00f3n extraordinaria, en la cual se\nacordaron cinco puntos respecto a la pandemia del Covid-19 en el pa\u00eds. Entre\nellos se reconoci\u00f3 como \u201cgrave y prioritario\u201d el coronavirus en M\u00e9xico.<\/p>\n\n\n\n<p>Por su parte, los Servicios de Salud de Oaxaca detallaron que se mantiene en dos el n\u00famero de casos confirmados con coronavirus, cuyos pacientes siguen estables. Asimismo, hay siete casos sospechosos, seis de ellos en la regi\u00f3n de Valles Centrales y uno en la Costa, sin precisar en qu\u00e9 municipios.<\/p>\n\n\n\n<figure class=\"wp-block-embed-twitter wp-block-embed is-type-rich is-provider-twitter\"><div class=\"wp-block-embed__wrapper\">\n<div class=\"twitter-tweet\"><blockquote class=\"twitter-tweet\" data-lang=\"es\"><p lang=\"es\" dir=\"ltr\"><a href=\"https:\/\/twitter.com\/hashtag\/CoronavirusPandemiaGlobal?src=hash&amp;ref_src=twsrc%5Etfw\">#CoronavirusPandemiaGlobal<\/a><br>En la Heroica Ciudad de Tlaxiaco, <a href=\"https:\/\/twitter.com\/hashtag\/Oaxaca?src=hash&amp;ref_src=twsrc%5Etfw\">#Oaxaca<\/a>, a unos momentos de la llegada de <a href=\"https:\/\/twitter.com\/lopezobrador_?ref_src=twsrc%5Etfw\">@lopezobrador_<\/a>, el titular de los <a href=\"https:\/\/twitter.com\/SSO_GobOax?ref_src=twsrc%5Etfw\">@SSO_GobOax<\/a>, <a href=\"https:\/\/twitter.com\/Donato_Casas?ref_src=twsrc%5Etfw\">@Donato_Casas<\/a>, insiste en las medidas que se deben observar ante el coronavirus. <a href=\"https:\/\/t.co\/tpzrvHNGix\">pic.twitter.com\/tpzrvHNGix<\/a><\/p>&mdash; Zona Roja Oaxaca (@MexRoja) <a href=\"https:\/\/twitter.com\/MexRoja\/status\/1241100910152962049?ref_src=twsrc%5Etfw\">20 de marzo de 2020<\/a><\/blockquote><\/div>\n<\/div><\/figure>\n\n\n\n<p>Los casos en M\u00e9xico evolucionaron as\u00ed en\nlo que va de marzo:<\/p>\n\n\n\n<p>Jueves 12: 13 casos<\/p>\n\n\n\n<p>Viernes 13: 26 casos<\/p>\n\n\n\n<p>S\u00e1bado 14: 41 casos<\/p>\n\n\n\n<p>Domingo 15: 53 casos<\/p>\n\n\n\n<p>Lunes 16: 82 casos<\/p>\n\n\n\n<p>Martes 17: 93 casos<\/p>\n\n\n\n<p>Mi\u00e9rcoles 18: 118 casos<\/p>\n\n\n\n<p>Jueves 19: 164 casos<\/p>\n\n\n\n<p>Viernes 20: 203 casos<\/p>\n","protected":false},"excerpt":{"rendered":"<p>Redacci\u00f3n\/Zona Roja Cdmx. Ciudad de M\u00e9xico, 20 de marzo de 2020.- El gobierno de M\u00e9xico&hellip;<\/p>\n","protected":false},"author":2,"featured_media":10112,"comment_status":"closed","ping_status":"open","sticky":false,"template":"","format":"standard","meta":{"_lmt_disableupdate":"","_lmt_disable":"","_jetpack_memberships_contains_paid_content":false,"footnotes":""},"categories":[109,47],"tags":[1328],"class_list":["post-10111","post","type-post","status-publish","format-standard","has-post-thumbnail","hentry","category-minuto-a-minuto","category-zona-gris","tag-coronavirus-mexico"],"jetpack_featured_media_url":"https:\/\/zonaroja.com.mx\/wp-content\/uploads\/2020\/03\/Coronavirus-20mar.jpg","jetpack_sharing_enabled":true,"_links":{"self":[{"href":"https:\/\/zonaroja.com.mx\/index.php?rest_route=\/wp\/v2\/posts\/10111","targetHints":{"allow":["GET"]}}],"collection":[{"href":"https:\/\/zonaroja.com.mx\/index.php?rest_route=\/wp\/v2\/posts"}],"about":[{"href":"https:\/\/zonaroja.com.mx\/index.php?rest_route=\/wp\/v2\/types\/post"}],"author":[{"embeddable":true,"href":"https:\/\/zonaroja.com.mx\/index.php?rest_route=\/wp\/v2\/users\/2"}],"replies":[{"embeddable":true,"href":"https:\/\/zonaroja.com.mx\/index.php?rest_route=%2Fwp%2Fv2%2Fcomments&post=10111"}],"version-history":[{"count":3,"href":"https:\/\/zonaroja.com.mx\/index.php?rest_route=\/wp\/v2\/posts\/10111\/revisions"}],"predecessor-version":[{"id":10118,"href":"https:\/\/zonaroja.com.mx\/index.php?rest_route=\/wp\/v2\/posts\/10111\/revisions\/10118"}],"wp:featuredmedia":[{"embeddable":true,"href":"https:\/\/zonaroja.com.mx\/index.php?rest_route=\/wp\/v2\/media\/10112"}],"wp:attachment":[{"href":"https:\/\/zonaroja.com.mx\/index.php?rest_route=%2Fwp%2Fv2%2Fmedia&parent=10111"}],"wp:term":[{"taxonomy":"category","embeddable":true,"href":"https:\/\/zonaroja.com.mx\/index.php?rest_route=%2Fwp%2Fv2%2Fcategories&post=10111"},{"taxonomy":"post_tag","embeddable":true,"href":"https:\/\/zonaroja.com.mx\/index.php?rest_route=%2Fwp%2Fv2%2Ftags&post=10111"}],"curies":[{"name":"wp","href":"https:\/\/api.w.org\/{rel}","templated":true}]}}