{"id":10115,"date":"2020-03-20T22:24:06","date_gmt":"2020-03-21T04:24:06","guid":{"rendered":"http:\/\/www.zonaroja.com.mx\/?p=10115"},"modified":"2020-03-20T22:24:09","modified_gmt":"2020-03-21T04:24:09","slug":"intento-enganar-gobernador-murat-a-amlo-con-hospital-de-tlaxiaco","status":"publish","type":"post","link":"https:\/\/zonaroja.com.mx\/?p=10115","title":{"rendered":"Intent\u00f3 enga\u00f1ar gobernador Murat a AMLO con hospital de Tlaxiaco"},"content":{"rendered":"\n<p>Ismael Garc\u00eda\/Zona Roja.<\/p>\n\n\n\n<p>Oaxaca de Ju\u00e1rez, Oax., 20 de marzo de\n2020.- Tras presumir en varias ocasiones el acto como inauguraci\u00f3n del hospital\nde la Heroica Ciudad de Tlaxiaco, el gobernador de Oaxaca, Alejandro Murat\nHinojosa, tuvo que recular y aceptar que fue una en\u00e9sima preinauguraci\u00f3n.<\/p>\n\n\n\n<p>Pero adem\u00e1s, frente al Presidente de\nM\u00e9xico, Andr\u00e9s Manuel L\u00f3pez Obrador, el director general del IMSS, el\nchiapaneco Zoe Robledo, exhibi\u00f3 al mandatario estatal por haber rentado por 15\nd\u00edas equipo hospitalario para similar que estar\u00eda terminado el nosocomio.<\/p>\n\n\n\n<p>\u201cComo lo ha dicho el Presidente, esta\nes una preinauguraci\u00f3n; no hubiera sido v\u00e1lido que hoy el Presidente L\u00f3pez\nObrador cortara un list\u00f3n, develara una placa e inmediatamente despu\u00e9s, esta\ntarde, se hubiera acercado un poblador de la Mixteca a este hospital y\nhubi\u00e9ramos dicho no, todav\u00eda no empezamos a trabajar.<\/p>\n\n\n\n<p>\u201cEste hospital tiene un deshonros\u00edsimo r\u00e9cord, tres veces se ha inaugurado; la primera vez lo hizo Calder\u00f3n y el entonces gobernador Ulises Ruiz y enga\u00f1aron a la gente y no les preocupaba en absoluto porque ve\u00edan el tema de la salud solamente a partir de los votos.<\/p>\n\n\n\n<figure class=\"wp-block-embed-twitter wp-block-embed is-type-rich is-provider-twitter\"><div class=\"wp-block-embed__wrapper\">\n<div class=\"twitter-tweet\"><blockquote class=\"twitter-tweet\" data-lang=\"es\"><p lang=\"es\" dir=\"ltr\"><a href=\"https:\/\/twitter.com\/hashtag\/AMLOEnOaxaca?src=hash&amp;ref_src=twsrc%5Etfw\">#AMLOEnOaxaca<\/a><br>\u00bfEnga\u00f1o? Y as\u00ed el hospital de Tlaxiaco: \u201cNo era v\u00e1lido que hoy, el Presidente L\u00f3pez Obrador, cortara el list\u00f3n, e inmediatamente despu\u00e9s no se hubiera empezado a trabajar\u201d, acus\u00f3 hoy el director del <a href=\"https:\/\/twitter.com\/Tu_IMSS?ref_src=twsrc%5Etfw\">@Tu_IMSS<\/a>, <a href=\"https:\/\/twitter.com\/zoerobledo?ref_src=twsrc%5Etfw\">@zoerobledo<\/a>; dijo que tres veces ha sido inaugurado. <a href=\"https:\/\/t.co\/0eRPaneDYh\">pic.twitter.com\/0eRPaneDYh<\/a><\/p>&mdash; Zona Roja Oaxaca (@MexRoja) <a href=\"https:\/\/twitter.com\/MexRoja\/status\/1241151614326472704?ref_src=twsrc%5Etfw\">20 de marzo de 2020<\/a><\/blockquote><\/div>\n<\/div><\/figure>\n\n\n\n<p>\u201cNosotros no somos iguales y no \u00edbamos\na hacerlo ahorita. Por eso, y hablando con toda la verdad, les queremos pedir\nsu autorizaci\u00f3n para que esperen unos d\u00edas, para que el primero de abril est\u00e9\nya en operaci\u00f3n este hospital, todos los m\u00e9dicos, enfermeras, todo el personal,\ncreo que podemos aguantar.<\/p>\n\n\n\n<p>\u201cEl d\u00eda mi\u00e9rcoles nos enteramos,\ndesafortunadamente, lo hemos platicado con el gobernador Murat, que se hab\u00eda\nadquirido el 20 por ciento del equipo en una renta, era equipo usado en este\nmomento, renta por 15 d\u00edas, y eso habr\u00e1 un momento para revisar qu\u00e9 pas\u00f3 ah\u00ed\u201d,\ndijo Zoe Robledo.<\/p>\n\n\n\n<p>El Presidente y el mandatario estatal\nrecorrieron el nosocomio y presidieron la tarde de hoy un acto p\u00fablico en dicho\nhospital, que ha sido fuente de conflicto desde los inicios de su construcci\u00f3n.<\/p>\n\n\n\n<p>Fue asentado en un predio cuyos\npobladores reclaman su posesi\u00f3n, mientras que durante varios meses de 2018,\nestuvieron paralizadas las obras pero adem\u00e1s cerrada la cl\u00ednica del IMSS en el\ncentro de Tlaxiaco, por la disputad entre dos bandos de pobladores, uno de los\ncuales exig\u00eda que fuera un hospital de especialidades.<\/p>\n","protected":false},"excerpt":{"rendered":"<p>Ismael Garc\u00eda\/Zona Roja. Oaxaca de Ju\u00e1rez, Oax., 20 de marzo de 2020.- Tras presumir en&hellip;<\/p>\n","protected":false},"author":2,"featured_media":10116,"comment_status":"closed","ping_status":"open","sticky":false,"template":"","format":"standard","meta":{"_lmt_disableupdate":"","_lmt_disable":"","_jetpack_memberships_contains_paid_content":false,"footnotes":""},"categories":[109,47],"tags":[1540],"class_list":["post-10115","post","type-post","status-publish","format-standard","has-post-thumbnail","hentry","category-minuto-a-minuto","category-zona-gris","tag-hospital-imss-tlaxiaco"],"jetpack_featured_media_url":"https:\/\/zonaroja.com.mx\/wp-content\/uploads\/2020\/03\/AMLO-IMSS-Tlaxiaco.jpg","jetpack_sharing_enabled":true,"_links":{"self":[{"href":"https:\/\/zonaroja.com.mx\/index.php?rest_route=\/wp\/v2\/posts\/10115","targetHints":{"allow":["GET"]}}],"collection":[{"href":"https:\/\/zonaroja.com.mx\/index.php?rest_route=\/wp\/v2\/posts"}],"about":[{"href":"https:\/\/zonaroja.com.mx\/index.php?rest_route=\/wp\/v2\/types\/post"}],"author":[{"embeddable":true,"href":"https:\/\/zonaroja.com.mx\/index.php?rest_route=\/wp\/v2\/users\/2"}],"replies":[{"embeddable":true,"href":"https:\/\/zonaroja.com.mx\/index.php?rest_route=%2Fwp%2Fv2%2Fcomments&post=10115"}],"version-history":[{"count":1,"href":"https:\/\/zonaroja.com.mx\/index.php?rest_route=\/wp\/v2\/posts\/10115\/revisions"}],"predecessor-version":[{"id":10117,"href":"https:\/\/zonaroja.com.mx\/index.php?rest_route=\/wp\/v2\/posts\/10115\/revisions\/10117"}],"wp:featuredmedia":[{"embeddable":true,"href":"https:\/\/zonaroja.com.mx\/index.php?rest_route=\/wp\/v2\/media\/10116"}],"wp:attachment":[{"href":"https:\/\/zonaroja.com.mx\/index.php?rest_route=%2Fwp%2Fv2%2Fmedia&parent=10115"}],"wp:term":[{"taxonomy":"category","embeddable":true,"href":"https:\/\/zonaroja.com.mx\/index.php?rest_route=%2Fwp%2Fv2%2Fcategories&post=10115"},{"taxonomy":"post_tag","embeddable":true,"href":"https:\/\/zonaroja.com.mx\/index.php?rest_route=%2Fwp%2Fv2%2Ftags&post=10115"}],"curies":[{"name":"wp","href":"https:\/\/api.w.org\/{rel}","templated":true}]}}