{"id":10120,"date":"2020-03-20T22:29:59","date_gmt":"2020-03-21T04:29:59","guid":{"rendered":"http:\/\/www.zonaroja.com.mx\/?p=10120"},"modified":"2020-03-20T22:30:03","modified_gmt":"2020-03-21T04:30:03","slug":"en-plena-contingencia-inicia-proceso-electoral-en-la-uabjo","status":"publish","type":"post","link":"https:\/\/zonaroja.com.mx\/?p=10120","title":{"rendered":"En plena contingencia, inicia proceso electoral en la UABJO"},"content":{"rendered":"\n<p>Evlin Arag\u00f3n\/Zona Roja.<\/p>\n\n\n\n<p>Oaxaca de Ju\u00e1rez, Oax., 20 de marzo de\n2020.- En plena contingencia por el coronavirus y con los tiempos\nadministrativos cada vez m\u00e1s reducidos debido a la reciente huelga que se\nextendi\u00f3 a m\u00e1s de un mes, autoridades de la Universidad Aut\u00f3noma \u201cBenito\nJu\u00e1rez\u201d de Oaxaca eligieron a los integrantes la Comisi\u00f3n Electoral que estar\u00e1\na cargo del proceso de elecci\u00f3n de Rector para el periodo 2020-2024.<\/p>\n\n\n\n<p>Con lo anterior se da inicio\nformalmente al proceso en la UABJO, cuyos integrantes elegir\u00e1n este a\u00f1o nuevas\nautoridades administrativas, quienes estar\u00e1n en funciones los pr\u00f3ximos cuatro\na\u00f1os, a partir del 15 de mayo.<\/p>\n\n\n\n<p>Fue en sesi\u00f3n extraordinaria del Consejo Universitario, que se realiz\u00f3 la tarde de este jueves y estuvo presidida por el rector de la m\u00e1xima casa de estudios, Eduardo Bautista Mart\u00ednez, que se tom\u00f3 protesta de ley a los diez varones que se encargar\u00e1n de garantizar la legalidad, transparencia e imparcialidad en el pr\u00f3ximo cambio de autoridades.<\/p>\n\n\n\n<figure class=\"wp-block-embed-twitter wp-block-embed is-type-rich is-provider-twitter\"><div class=\"wp-block-embed__wrapper\">\n<div class=\"twitter-tweet\"><blockquote class=\"twitter-tweet\" data-lang=\"es\"><p lang=\"es\" dir=\"ltr\">Conforme a lo establecido en el art 45 de la Ley org\u00e1nica vigente, el rector <a href=\"https:\/\/twitter.com\/Bautistaeduardo?ref_src=twsrc%5Etfw\">@Bautistaeduardo<\/a>, como presidente del H. Consejo Universitario, tom\u00f3 protesta a integrantes de la Comisi\u00f3n Electoral, que garantizar\u00e1 la legalidad en la Elecci\u00f3n a Rector para el periodo 2020-2024 <a href=\"https:\/\/t.co\/ChQ9uFiuQG\">pic.twitter.com\/ChQ9uFiuQG<\/a><\/p>&mdash; Comunicaci\u00f3nUABJO (@comunica_UABJO) <a href=\"https:\/\/twitter.com\/comunica_UABJO\/status\/1240825434972942336?ref_src=twsrc%5Etfw\">20 de marzo de 2020<\/a><\/blockquote><\/div>\n<\/div><\/figure>\n\n\n\n<p>De acuerdo con las fechas\nuniversitarias ser\u00e1 el pr\u00f3ximo mes de mayo cuando se lleve a cabo el proceso de\nelecci\u00f3n de quien afrontar\u00e1 el reto de sacar a la universidad oaxaque\u00f1a que se\nenfrenta actualmente a una crisis financiera, que de continuar podr\u00eda afectar a\nla matr\u00edcula escolar de m\u00e1s de 26 mil estudiantes.<\/p>\n\n\n\n<p>La universidad reci\u00e9n inici\u00f3 sus\nactividades administrativas y acad\u00e9micas luego de una serie de manifestaciones\ndebido a las demandas laborales por parte de los diferentes gremios sindicales,\naunado a la crisis financiera anunciada desde hace a\u00f1os, debido a la falta de\nrecursos estatales y federales para su operaci\u00f3n.<\/p>\n\n\n\n<p>As\u00ed mismo se enfrenta, como todas las instituciones educativas, a la suspensi\u00f3n de actividades para evitar el contagio masivo del Covid-19 desde este 20 de marzo y hasta el pr\u00f3ximo 20 de abril.<\/p>\n\n\n\n<figure class=\"wp-block-embed-twitter wp-block-embed is-type-rich is-provider-twitter\"><div class=\"wp-block-embed__wrapper\">\n<div class=\"twitter-tweet\"><blockquote class=\"twitter-tweet\" data-lang=\"es\"><p lang=\"es\" dir=\"ltr\">En Sesi\u00f3n extraordinaria del H. Consejo Universitario, que preside el rector <a href=\"https:\/\/twitter.com\/Bautistaeduardo?ref_src=twsrc%5Etfw\">@Bautistaeduardo<\/a>, se instal\u00f3 la Comisi\u00f3n T\u00e9cnica de Medidas de Salud, para realizar acciones de prevenci\u00f3n y atenci\u00f3n ante el <a href=\"https:\/\/twitter.com\/hashtag\/Covid_19?src=hash&amp;ref_src=twsrc%5Etfw\">#Covid_19<\/a>. Las actividades estar\u00e1n apegadas al acuerdo 02\/03\/20 <a href=\"https:\/\/twitter.com\/DOF_SEGOB?ref_src=twsrc%5Etfw\">@DOF_SEGOB<\/a> <a href=\"https:\/\/t.co\/9jmrJvF33L\">pic.twitter.com\/9jmrJvF33L<\/a><\/p>&mdash; Comunicaci\u00f3nUABJO (@comunica_UABJO) <a href=\"https:\/\/twitter.com\/comunica_UABJO\/status\/1240757971740774400?ref_src=twsrc%5Etfw\">19 de marzo de 2020<\/a><\/blockquote><\/div>\n<\/div><\/figure>\n\n\n\n<p>Pese a lo anterior ha iniciado el\nproceso electoral programado para concluir con la elecci\u00f3n de quien\nrepresentar\u00e1 a la Rector\u00eda en el mes de mayo pr\u00f3ximo, al concluir la\nadministraci\u00f3n actual de Eduardo Bautista Mart\u00ednez.<\/p>\n\n\n\n<p>En la misma sesi\u00f3n extraordinaria de\neste jueves se instal\u00f3 la Comisi\u00f3n T\u00e9cnica de Medidas de Salud, cuya funci\u00f3n es\nrealizar acciones de prevenci\u00f3n y atenci\u00f3n ante el COVID-19; dicho \u00f3rgano se\nintegra por las y los directores de Enfermer\u00eda, Medicina y Cirug\u00eda,\nOdontolog\u00eda, Ciencias Qu\u00edmicas, Sistemas Biol\u00f3gicos, Medicina Veterinaria y\nZootecnia, as\u00ed como la Secretar\u00eda de Planeaci\u00f3n.<\/p>\n","protected":false},"excerpt":{"rendered":"<p>Evlin Arag\u00f3n\/Zona Roja. Oaxaca de Ju\u00e1rez, Oax., 20 de marzo de 2020.- En plena contingencia&hellip;<\/p>\n","protected":false},"author":2,"featured_media":10121,"comment_status":"closed","ping_status":"open","sticky":false,"template":"","format":"standard","meta":{"_lmt_disableupdate":"","_lmt_disable":"","_jetpack_memberships_contains_paid_content":false,"footnotes":""},"categories":[109,46],"tags":[282],"class_list":["post-10120","post","type-post","status-publish","format-standard","has-post-thumbnail","hentry","category-minuto-a-minuto","category-zona-blanca","tag-universidad-autonoma-benito-juarez-de-oaxaca"],"jetpack_featured_media_url":"https:\/\/zonaroja.com.mx\/wp-content\/uploads\/2020\/03\/Consejo-UABJO.jpg","jetpack_sharing_enabled":true,"_links":{"self":[{"href":"https:\/\/zonaroja.com.mx\/index.php?rest_route=\/wp\/v2\/posts\/10120","targetHints":{"allow":["GET"]}}],"collection":[{"href":"https:\/\/zonaroja.com.mx\/index.php?rest_route=\/wp\/v2\/posts"}],"about":[{"href":"https:\/\/zonaroja.com.mx\/index.php?rest_route=\/wp\/v2\/types\/post"}],"author":[{"embeddable":true,"href":"https:\/\/zonaroja.com.mx\/index.php?rest_route=\/wp\/v2\/users\/2"}],"replies":[{"embeddable":true,"href":"https:\/\/zonaroja.com.mx\/index.php?rest_route=%2Fwp%2Fv2%2Fcomments&post=10120"}],"version-history":[{"count":1,"href":"https:\/\/zonaroja.com.mx\/index.php?rest_route=\/wp\/v2\/posts\/10120\/revisions"}],"predecessor-version":[{"id":10122,"href":"https:\/\/zonaroja.com.mx\/index.php?rest_route=\/wp\/v2\/posts\/10120\/revisions\/10122"}],"wp:featuredmedia":[{"embeddable":true,"href":"https:\/\/zonaroja.com.mx\/index.php?rest_route=\/wp\/v2\/media\/10121"}],"wp:attachment":[{"href":"https:\/\/zonaroja.com.mx\/index.php?rest_route=%2Fwp%2Fv2%2Fmedia&parent=10120"}],"wp:term":[{"taxonomy":"category","embeddable":true,"href":"https:\/\/zonaroja.com.mx\/index.php?rest_route=%2Fwp%2Fv2%2Fcategories&post=10120"},{"taxonomy":"post_tag","embeddable":true,"href":"https:\/\/zonaroja.com.mx\/index.php?rest_route=%2Fwp%2Fv2%2Ftags&post=10120"}],"curies":[{"name":"wp","href":"https:\/\/api.w.org\/{rel}","templated":true}]}}