{"id":10124,"date":"2020-03-21T23:21:50","date_gmt":"2020-03-22T05:21:50","guid":{"rendered":"https:\/\/www.zonaroja.com.mx\/?p=10124"},"modified":"2020-03-21T23:21:52","modified_gmt":"2020-03-22T05:21:52","slug":"ante-impunidad-familiares-de-lesly-maria-del-sol-e-ivana-se-unen-en-busca-de-justicia","status":"publish","type":"post","link":"https:\/\/zonaroja.com.mx\/?p=10124","title":{"rendered":"Ante impunidad, familiares de Lesly, Mar\u00eda del Sol e Ivana se unen en busca de justicia"},"content":{"rendered":"\n<p class=\"MsoNormal\">Evlin Arag\u00f3n\/Zona Roja.<\/p>\n\n\n\n<p class=\"MsoNormal\">Oaxaca de Ju\u00e1rez, Oax., 21 de marzo de 2020.- La impunidad y la presunta responsabilidad de militantes del Partido Revolucionario Institucional en la muerte de Leslye Wilson P\u00e9rez, Mar\u00eda del Sol Cruz Jarqu\u00edn y Silvia Ivanna Mingo L\u00f3pez, ha unido a las familias&nbsp;<a href=\"\/\/1\">de las tres<\/a>&nbsp;j\u00f3venes en exigencia de la justicia que no llega.<\/p>\n\n\n\n<p class=\"MsoNormal\">En los tres casos acusan de negligencia, omisi\u00f3n, impericia y hasta dolo por parte de la Fiscal\u00eda General del Estado, encabezada por Rub\u00e9n Vasconcelos M\u00e9ndez, para proteger a los responsables directos e indirectos de las j\u00f3venes oaxaque\u00f1as, vinculados al partido tricolor en la entidad.<\/p>\n\n\n\n<p class=\"MsoNormal\">\u201cHemos solicitado de manera reiterada a la Fiscal\u00eda lo que por derecho le corresponde a nuestras hijas y sus familias como v\u00edctimas indirectas: la justicia, que pasa por el ejercicio libre y sin condicionamiento alguno, ni hechos de corrupci\u00f3n, ni de protecci\u00f3n a quienes resulten implicados, lo que hasta el d\u00eda de hoy no ha sido garantizado por el Fiscal Rub\u00e9n Vasconcelos M\u00e9ndez, a quien le decimos que, si no puede, renunci\u00e9\u201d, citan en un documento dirigido a los medios de comunicaci\u00f3n y opini\u00f3n p\u00fablica.<\/p>\n\n\n\n<p class=\"MsoNormal\">De acuerdo con las familias de las j\u00f3venes, es evidente que existe protecci\u00f3n de las autoridades de la Fiscal\u00eda a personas ligadas al PRI, partido pol\u00edtico al cual han solicitado que dej\u00e9 de solapar a los criminales, as\u00ed como complicidad del propio gobernador de Oaxaca, Alejandro Murat Hinojosa, quien se ha escudado en la \u201cautonom\u00eda\u201d de la instancia procuradora de justicia para evitar pronunciarse al respecto.<\/p>\n\n\n\n<p class=\"MsoNormal\">El asesinato de Lesly Wilson P\u00e9rez est\u00e1 por cumplir 10 a\u00f1os sin que exista justicia para la joven, cuyo caso trat\u00f3 de hacerse pasar por un suicidio y fue la lucha legal que mantiene la familia de la joven la que consigui\u00f3 demostrar que la joven fue arrojada desde un sexto piso en el fraccionamiento Punta Vizcaya en el conjunto habitacional de El Rosario.<\/p>\n\n\n\n<p class=\"MsoNormal\">Siete personas fueron involucradas en el asesinato de la joven de 25 a\u00f1os, todas resultaron ser familiares directos de la exsenadora del PRI, Cirila S\u00e1nchez; s\u00f3lo una, Zuilma O.M., est\u00e1 recluida, mientras que tres m\u00e1s Berenice M.S., Jael Jair C. M., y Cecilia R.S.,&nbsp; fueron detenidas y puestas en libertad mediante argucias legales.<\/p>\n\n\n\n<p class=\"MsoNormal\">Actualmente las hermanas Cecilia R.S., Er\u00e9ndira Osiris R.S., y Abraham Abadal\u00e1 R.S., as\u00ed como Edel Javier S.V., se encuentran pr\u00f3fugos de la justicia.<\/p>\n\n\n\n<p class=\"MsoNormal\">El proceso penal en el caso de Mar\u00eda del Sol Cruz Jarqu\u00edn, asesinada el 2 de junio del 2018, ha sido igual de complejo para la familia. A sus 27 a\u00f1os \u201cSolecito\u201d fue obligada \u2013violando la ley electoral- por el priista Francisco Montero L\u00f3pez, titular de la SAI, a cubrir la campa\u00f1a pol\u00edtica de su hermano en Juchit\u00e1n de Zaragoza, lugar en el que fue abatida, con armas de alto poder.<\/p>\n\n\n\n<p class=\"MsoNormal\">Por el caso s\u00f3lo hay un detenido al que no se le ha podido realizar audiencia intermedia por \u201cerrores t\u00e9cnicos de la Fiscal\u00eda\u201d; mientras que los procesos ante la Fiscal\u00eda Especializada en Delitos Electorales no se judicializ\u00f3 hasta un a\u00f1o despu\u00e9s de los hechos, al igual que la denuncia por robo del equipo propiedad de la joven fot\u00f3grafa y videasta.<\/p>\n\n\n\n<p class=\"MsoNormal\">\u201cLa dilaci\u00f3n y omisi\u00f3n de las autoridades en los tres casos sin duda permiten observar la clara protecci\u00f3n a actores pol\u00edticos afines al PRI\u201d, refieren.<\/p>\n\n\n\n<p class=\"MsoNormal\">Finalmente, y sin ser la excepci\u00f3n, el caso de Silvia Ivanna Mingo L\u00f3pez, registra la protecci\u00f3n de Alfredo D.C., quien fue dirigente juvenil del PRI, adem\u00e1s de la implicaci\u00f3n de Rebeca Leticia C.N., madre del acusado de \u201chomicidio culposo\u201d, acusada de obstrucci\u00f3n de la justicia al momento de desempe\u00f1arse como delegada de la Profeco.<\/p>\n\n\n\n<p class=\"MsoNormal\">Debido a la impericia de la Fiscal\u00eda, la familia tuvo que efectuar diversas actividades de investigaci\u00f3n para poder realizar la imputaci\u00f3n de Alfredo D.C., sin embargo, en diciembre pasado y ante la falta de resultados llev\u00f3 a la familia de la joven de 26 a\u00f1os que muri\u00f3 en un accidente automovil\u00edstico el 21 de octubre del 2018, a solicitar el cambio de la agente del MP, Roxana Reyes V\u00e1squez.<\/p>\n\n\n\n<p class=\"MsoNormal\">Otra de las irregularidades recae en el actuar del m\u00e9dico forense Jaime Alfonso Mayoral V\u00e1squez que cambi\u00f3 su declaraci\u00f3n tres meses despu\u00e9s en torno a la hora del deceso de la joven.<\/p>\n\n\n\n<p class=\"MsoNormal\">Por lo anterior y debido a que consideran que los tres casos presentan evidentes actos de negligencia y omisiones cometidas por las Fiscal\u00eda General que encabeza Rub\u00e9n Vasconcelos M\u00e9ndez y la protecci\u00f3n de personas ligadas al PRI, es que han decidido unirse para exigir justicia para sus hijas.&nbsp;<\/p>\n\n\n\n<p class=\"MsoNormal\"><a href=\"http:\/\/www.zonaroja.com.mx\">www.zonaroja.com.mx<\/a> <\/p>\n","protected":false},"excerpt":{"rendered":"<p>Evlin Arag\u00f3n\/Zona Roja. Oaxaca de Ju\u00e1rez, Oax., 21 de marzo de 2020.- La impunidad y&hellip;<\/p>\n","protected":false},"author":2,"featured_media":10123,"comment_status":"closed","ping_status":"open","sticky":false,"template":"","format":"standard","meta":{"_lmt_disableupdate":"","_lmt_disable":"","_jetpack_memberships_contains_paid_content":false,"footnotes":""},"categories":[109,47],"tags":[1468],"class_list":["post-10124","post","type-post","status-publish","format-standard","has-post-thumbnail","hentry","category-minuto-a-minuto","category-zona-gris","tag-justiciaparasol"],"jetpack_featured_media_url":"https:\/\/zonaroja.com.mx\/wp-content\/uploads\/2020\/03\/89a10a05-e2c0-4e03-ad2f-d7901ef7b842.jpg","jetpack_sharing_enabled":true,"_links":{"self":[{"href":"https:\/\/zonaroja.com.mx\/index.php?rest_route=\/wp\/v2\/posts\/10124","targetHints":{"allow":["GET"]}}],"collection":[{"href":"https:\/\/zonaroja.com.mx\/index.php?rest_route=\/wp\/v2\/posts"}],"about":[{"href":"https:\/\/zonaroja.com.mx\/index.php?rest_route=\/wp\/v2\/types\/post"}],"author":[{"embeddable":true,"href":"https:\/\/zonaroja.com.mx\/index.php?rest_route=\/wp\/v2\/users\/2"}],"replies":[{"embeddable":true,"href":"https:\/\/zonaroja.com.mx\/index.php?rest_route=%2Fwp%2Fv2%2Fcomments&post=10124"}],"version-history":[{"count":1,"href":"https:\/\/zonaroja.com.mx\/index.php?rest_route=\/wp\/v2\/posts\/10124\/revisions"}],"predecessor-version":[{"id":10125,"href":"https:\/\/zonaroja.com.mx\/index.php?rest_route=\/wp\/v2\/posts\/10124\/revisions\/10125"}],"wp:featuredmedia":[{"embeddable":true,"href":"https:\/\/zonaroja.com.mx\/index.php?rest_route=\/wp\/v2\/media\/10123"}],"wp:attachment":[{"href":"https:\/\/zonaroja.com.mx\/index.php?rest_route=%2Fwp%2Fv2%2Fmedia&parent=10124"}],"wp:term":[{"taxonomy":"category","embeddable":true,"href":"https:\/\/zonaroja.com.mx\/index.php?rest_route=%2Fwp%2Fv2%2Fcategories&post=10124"},{"taxonomy":"post_tag","embeddable":true,"href":"https:\/\/zonaroja.com.mx\/index.php?rest_route=%2Fwp%2Fv2%2Ftags&post=10124"}],"curies":[{"name":"wp","href":"https:\/\/api.w.org\/{rel}","templated":true}]}}