{"id":10127,"date":"2020-03-21T23:24:22","date_gmt":"2020-03-22T05:24:22","guid":{"rendered":"https:\/\/www.zonaroja.com.mx\/?p=10127"},"modified":"2020-03-21T23:24:27","modified_gmt":"2020-03-22T05:24:27","slug":"denuncian-a-dante-montano-por-violencia-de-genero-sigue-conflicto-en-cabildo","status":"publish","type":"post","link":"https:\/\/zonaroja.com.mx\/?p=10127","title":{"rendered":"Denuncian a Dante Monta\u00f1o por violencia de g\u00e9nero; sigue conflicto en Cabildo"},"content":{"rendered":"\n<p class=\"MsoNormal\">Evlin Arag\u00f3n\/Zona Roja.<\/p>\n\n\n\n<p class=\"MsoNormal\">Oaxaca de Ju\u00e1rez, Oax., 21 de marzo de 2020.- Pese a que el municipio de Santa Lucia del Camino cuenta con la declaratoria de violencia de g\u00e9nero desde agosto del 2018, el edil Dante Monta\u00f1o Montero, ha sido denunciado como mis\u00f3gino.<\/p>\n\n\n\n<p class=\"MsoNormal\">Asimismo, lo responsabilizan de violentar los derechos pol\u00edticos de la s\u00edndica procuradora Nancy Garc\u00eda Cruz, as\u00ed como de las regidoras de Equidad de G\u00e9nero, Salud y Ecolog\u00eda, Nallely Ortiz Jim\u00e9nez y Maximina Carmela Cruz Mart\u00ednez, respectivamente, a quienes no permite ejercer el cargo y le ha puesto serios obst\u00e1culos para desempe\u00f1ar sus funciones p\u00fablicos.<\/p>\n\n\n\n<p class=\"MsoNormal\">As\u00ed lo informaron en conferencia de prensa integrantes del cuerpo colegiado, luego de la acalorada sesi\u00f3n de Cabildo que se vivi\u00f3&nbsp;<a href=\"\/\/1\">este jueves<\/a>&nbsp;en la localidad cercana a la capital, en la que incluso se acus\u00f3 a Garc\u00eda Cruz de asistir alcoholizada para denostar su denuncia de irregularidades en la administraci\u00f3n actual.<\/p>\n\n\n\n<p class=\"MsoNormal\">Las denunciantes evidenciaron que desde el a\u00f1o pasado han iniciado procedimientos legales en contra del edil, tanto ante la Fiscal\u00eda General del Estado de Oaxaca, como en el Tribunal Electoral del Estado, debido a la violencia pol\u00edtica y de g\u00e9nero ejercida por el edil, misma que permanece en perjuicio de las regidoras antes mencionadas.<\/p>\n\n\n\n<p class=\"MsoNormal\">\u201cAqu\u00ed est\u00e1 la denuncia que hice desde diciembre del 2019 ante la Fiscal\u00eda, para que no los quieran sorprender que por que no me da un dinero apenas estoy haciendo uso de la voz, es mentira desde&nbsp;<a href=\"\/\/2\">el 11 de diciembre<\/a>, mientras que al TEEO acud\u00ed el 8 de enero\u201d, dijo una de ellas.<\/p>\n\n\n\n<p class=\"MsoNormal\">En la conferencia recordaron que la actual administraci\u00f3n est\u00e1 plagada de opacidad, corrupci\u00f3n, nepotismo y autoritarismo por parte del edil Dante Monta\u00f1o, de la cual no quieren, ni pueden ser c\u00f3mplices ante la rapi\u00f1a y saqueo que se lleva a cabo en perjuicio de la poblaci\u00f3n de Santa Lucia del Camino, que lleva ya varias administraciones padeciendo de lo mismo.<\/p>\n\n\n\n<p class=\"MsoNormal\">Denunciaron la ilegalidad con la que se conduce el mun\u00edcipe asegurando que el 50 por ciento de los actos p\u00fablico que realiza son ilegales, llegando al extremo de cobrar el alcohol\u00edmetro, en efectivo, sin otorgar recibo alguno y sin que el 80 por ciento de esos recursos recaudados lleguen a las cuentas bancarias municipales, toda vez que el cobro de ese concepto ni siquiera est\u00e1 establecido en la Ley de Ingresos Municipales.<\/p>\n\n\n\n<p class=\"MsoNormal\">Misma situaci\u00f3n pasa con la apertura de nuevos establecimientos comerciales y la continuidad de operaciones; el despido injustificado contra personal adscrito a las regidur\u00edas de su oposici\u00f3n como estrategia de represi\u00f3n y autoritarismo, con la que se ha conducido hasta el momento, incluido el tesorero a quien s\u00f3lo utilizaba para la firma de cheques a conveniencia.<\/p>\n\n\n\n<p class=\"MsoNormal\">\u201cEl presidente ignora que un funcionario de \u00e9ste nivel s\u00f3lo puede ser cesado en el cargo por dos razones: por renuncia voluntaria o mediante un procedimiento administrativo o judicial por falta o delito grave, siendo un funcionario publico municipal de alto nivel\u201d, explicaron en un documento difundido a los medios de comunicaci\u00f3n y le\u00eddo por el concejal Jes\u00fas L\u00f3pez Rodr\u00edguez.<\/p>\n\n\n\n<p class=\"MsoNormal\">Finalmente, y como en otras ocasiones, exigieron al edil que rinda cuentan ante el Cabildo y la poblaci\u00f3n en general, ya que omiti\u00f3 hacer p\u00fablico su informe de gobierno correspondiente al ejercicio fiscal 2019, lo cual aseguran representa una omisi\u00f3n grave que impacta en lo principio de transparencia y rendici\u00f3n de cuenta.<\/p>\n\n\n\n<p class=\"MsoNormal\">A la par que anunciaron que en los pr\u00f3ximos d\u00edas presentar\u00e1n una serie de denuncias ante el \u00d3rgano Superior de Fiscalizaci\u00f3n del Estado de Oaxaca, la Fiscal\u00eda Especializada en Combate a la Corrupci\u00f3n, y el Congreso del Estado con la intenci\u00f3n de no solapar ning\u00fan acto m\u00e1s de corrupci\u00f3n y mal gobierno en Santa Luc\u00eda del Camino.  <\/p>\n","protected":false},"excerpt":{"rendered":"<p>Evlin Arag\u00f3n\/Zona Roja. Oaxaca de Ju\u00e1rez, Oax., 21 de marzo de 2020.- Pese a que&hellip;<\/p>\n","protected":false},"author":2,"featured_media":10126,"comment_status":"closed","ping_status":"open","sticky":false,"template":"","format":"standard","meta":{"_lmt_disableupdate":"","_lmt_disable":"","_jetpack_memberships_contains_paid_content":false,"footnotes":""},"categories":[109,47],"tags":[585],"class_list":["post-10127","post","type-post","status-publish","format-standard","has-post-thumbnail","hentry","category-minuto-a-minuto","category-zona-gris","tag-dante-montano-montero"],"jetpack_featured_media_url":"https:\/\/zonaroja.com.mx\/wp-content\/uploads\/2020\/03\/3f7b32c7-bb1e-44bd-b6a5-4898aeb9ca9b.jpg","jetpack_sharing_enabled":true,"_links":{"self":[{"href":"https:\/\/zonaroja.com.mx\/index.php?rest_route=\/wp\/v2\/posts\/10127","targetHints":{"allow":["GET"]}}],"collection":[{"href":"https:\/\/zonaroja.com.mx\/index.php?rest_route=\/wp\/v2\/posts"}],"about":[{"href":"https:\/\/zonaroja.com.mx\/index.php?rest_route=\/wp\/v2\/types\/post"}],"author":[{"embeddable":true,"href":"https:\/\/zonaroja.com.mx\/index.php?rest_route=\/wp\/v2\/users\/2"}],"replies":[{"embeddable":true,"href":"https:\/\/zonaroja.com.mx\/index.php?rest_route=%2Fwp%2Fv2%2Fcomments&post=10127"}],"version-history":[{"count":1,"href":"https:\/\/zonaroja.com.mx\/index.php?rest_route=\/wp\/v2\/posts\/10127\/revisions"}],"predecessor-version":[{"id":10128,"href":"https:\/\/zonaroja.com.mx\/index.php?rest_route=\/wp\/v2\/posts\/10127\/revisions\/10128"}],"wp:featuredmedia":[{"embeddable":true,"href":"https:\/\/zonaroja.com.mx\/index.php?rest_route=\/wp\/v2\/media\/10126"}],"wp:attachment":[{"href":"https:\/\/zonaroja.com.mx\/index.php?rest_route=%2Fwp%2Fv2%2Fmedia&parent=10127"}],"wp:term":[{"taxonomy":"category","embeddable":true,"href":"https:\/\/zonaroja.com.mx\/index.php?rest_route=%2Fwp%2Fv2%2Fcategories&post=10127"},{"taxonomy":"post_tag","embeddable":true,"href":"https:\/\/zonaroja.com.mx\/index.php?rest_route=%2Fwp%2Fv2%2Ftags&post=10127"}],"curies":[{"name":"wp","href":"https:\/\/api.w.org\/{rel}","templated":true}]}}