{"id":10135,"date":"2020-03-21T23:32:56","date_gmt":"2020-03-22T05:32:56","guid":{"rendered":"https:\/\/www.zonaroja.com.mx\/?p=10135"},"modified":"2020-03-22T06:11:37","modified_gmt":"2020-03-22T12:11:37","slug":"ejecutan-a-balazos-a-dos-personas-en-la-mixteca-oaxaquena","status":"publish","type":"post","link":"https:\/\/zonaroja.com.mx\/?p=10135","title":{"rendered":"Ejecutan a balazos a dos personas en la Mixteca oaxaque\u00f1a"},"content":{"rendered":"\n<p class=\"MsoNormal\">Redacci\u00f3n\/Zona Roja.<\/p>\n\n\n\n<p class=\"MsoNormal\">Oaxaca de Ju\u00e1rez, Oax., 21 de marzo de 2020.- Un d\u00eda despu\u00e9s de la visita del Presidente de M\u00e9xico, Andr\u00e9s Manuel L\u00f3pez Obrador, a la Mixteca, dos personas fueron asesinadas en esa regi\u00f3n de Oaxaca.<\/p>\n\n\n\n<p class=\"MsoNormal\">Fue cerca del mediod\u00eda de este s\u00e1bado en que autoridades municipales y policiacas de San Mart\u00edn Huamelulpan notificaron a la Vicefiscal\u00eda Regional de la Mixteca del hallazgo de un choche marcha Toyota, tipo Yaris, color blanco, con placas de circulaci\u00f3n TLP-4350.<\/p>\n\n\n\n<p class=\"MsoNormal\">En el interior de la unidad, hallada en inmediaciones del paraje \u201cBoca del Perro\u201d, a un costado de la carretera federal 125, tramo Teposcolula-Tlaxiaco, se hallaron los cuerpos con varios disparos de armas de fuego.<\/p>\n\n\n\n<p class=\"MsoNormal\">Hasta esta noche, las v\u00edctimas a\u00fan no han sido identificadas, en tanto la Vicefiscal\u00eda inici\u00f3 la carpeta de investigaci\u00f3n correspondiente.<\/p>\n\n\n\n<p class=\"MsoNormal\">ASALTOS EN ISTMO<\/p>\n\n\n\n<p class=\"MsoNormal\">Tambi\u00e9n este s\u00e1bado, se registraron dos asaltos a tiendas Oxxo en la ciudad de Juchit\u00e1n de Zaragoza.<\/p>\n\n\n\n<p class=\"MsoNormal\">El primero de ellos ubicado a un costado del canal 33, cerca de la carretera federal Internacional; el segundo horas despu\u00e9s, a un costado del Instituto Tecnol\u00f3gico del Istmo.<\/p>\n\n\n\n<p class=\"MsoNormal\">A\u00fan no hay monto del hurto a dichos establecimientos que de manera frecuente son v\u00edctimas de atracos.<\/p>\n","protected":false},"excerpt":{"rendered":"<p>Redacci\u00f3n\/Zona Roja. Oaxaca de Ju\u00e1rez, Oax., 21 de marzo de 2020.- Un d\u00eda despu\u00e9s de&hellip;<\/p>\n","protected":false},"author":2,"featured_media":3363,"comment_status":"closed","ping_status":"open","sticky":false,"template":"","format":"standard","meta":{"_lmt_disableupdate":"","_lmt_disable":"","_jetpack_memberships_contains_paid_content":false,"footnotes":""},"categories":[109,51],"tags":[],"class_list":["post-10135","post","type-post","status-publish","format-standard","has-post-thumbnail","hentry","category-minuto-a-minuto","category-zona-roja"],"jetpack_featured_media_url":"https:\/\/zonaroja.com.mx\/wp-content\/uploads\/2019\/08\/Homicidio-2.jpg","jetpack_sharing_enabled":true,"_links":{"self":[{"href":"https:\/\/zonaroja.com.mx\/index.php?rest_route=\/wp\/v2\/posts\/10135","targetHints":{"allow":["GET"]}}],"collection":[{"href":"https:\/\/zonaroja.com.mx\/index.php?rest_route=\/wp\/v2\/posts"}],"about":[{"href":"https:\/\/zonaroja.com.mx\/index.php?rest_route=\/wp\/v2\/types\/post"}],"author":[{"embeddable":true,"href":"https:\/\/zonaroja.com.mx\/index.php?rest_route=\/wp\/v2\/users\/2"}],"replies":[{"embeddable":true,"href":"https:\/\/zonaroja.com.mx\/index.php?rest_route=%2Fwp%2Fv2%2Fcomments&post=10135"}],"version-history":[{"count":1,"href":"https:\/\/zonaroja.com.mx\/index.php?rest_route=\/wp\/v2\/posts\/10135\/revisions"}],"predecessor-version":[{"id":10137,"href":"https:\/\/zonaroja.com.mx\/index.php?rest_route=\/wp\/v2\/posts\/10135\/revisions\/10137"}],"wp:featuredmedia":[{"embeddable":true,"href":"https:\/\/zonaroja.com.mx\/index.php?rest_route=\/wp\/v2\/media\/3363"}],"wp:attachment":[{"href":"https:\/\/zonaroja.com.mx\/index.php?rest_route=%2Fwp%2Fv2%2Fmedia&parent=10135"}],"wp:term":[{"taxonomy":"category","embeddable":true,"href":"https:\/\/zonaroja.com.mx\/index.php?rest_route=%2Fwp%2Fv2%2Fcategories&post=10135"},{"taxonomy":"post_tag","embeddable":true,"href":"https:\/\/zonaroja.com.mx\/index.php?rest_route=%2Fwp%2Fv2%2Ftags&post=10135"}],"curies":[{"name":"wp","href":"https:\/\/api.w.org\/{rel}","templated":true}]}}