{"id":10141,"date":"2020-03-22T07:44:26","date_gmt":"2020-03-22T13:44:26","guid":{"rendered":"http:\/\/www.zonaroja.com.mx\/?p=10141"},"modified":"2020-03-22T07:44:54","modified_gmt":"2020-03-22T13:44:54","slug":"amanece-domingo-con-un-ejecutado-en-salina-cruz-oaxaca","status":"publish","type":"post","link":"https:\/\/zonaroja.com.mx\/?p=10141","title":{"rendered":"Amanece domingo con un ejecutado en Salina Cruz, Oaxaca"},"content":{"rendered":"\n<p>Ismael Garc\u00eda M.\/Zona Roja.<\/p>\n\n\n\n<p>Oaxaca de Ju\u00e1rez, Oax., 22 de marzo de\n2020.- Una persona fue ejecutada a balazos este domingo en la madrugada, en el\nmunicipio de Salina Cruz, Oaxaca.<\/p>\n\n\n\n<p>De acuerdo con los primeros informes,\nlos hechos ocurrieron cerca de la agencia Playa Brasil y la v\u00edctima fue\nidentificada como Sergio N., y ten\u00eda su domicilio en la colonia San Pablo Sur\nde dicho municipio de la regi\u00f3n del Istmo de Tehuantepec.<\/p>\n\n\n\n<p>Hasta el momento se ignora la identidad\ndel o de los autores del asesinato.<\/p>\n\n\n\n<p>Apenas el pasado viernes, fue atacado a\nbalazos un sujeto, identificado como Ra\u00fal L\u00f3pez Mart\u00ednez, en el interior de su\ndomicilio ubicado en la calle Reforma Agraria de la colonia Francisco I. Madero\nde Salina Cruz.<\/p>\n\n\n\n<p>ATAQUE EN TLAXIACO<\/p>\n\n\n\n<p>Por otra parte, dos personas fueron\nagredidas a balazos anoche en la Heroica Ciudad de Tlaxiaco, donde el viernes\nestuvo el gobernador Alejandro Murat y el Presidente Andr\u00e9s Manuel L\u00f3pez\nObrador.<\/p>\n\n\n\n<p>El ataque ocurri\u00f3 en la agencia San\nNicol\u00e1s contra elementos de la polic\u00eda municipal y dos de ellos resultaron\nlesionados.<\/p>\n\n\n\n<p>Tras ello fueron detenidos dos\nprobables agresores, uno de ellos de nombre Baldomero Bautista Zafra, presunto\nfuncionario federal.<\/p>\n\n\n\n<p>Mientras que tambi\u00e9n anoche pero en la\nciudad de Oaxaca, fue golpeado con un tuvo un individuo, en inmediaciones de la\nCentral de Abasto.<\/p>\n\n\n\n<p>El agredido fue identificado como Jos\u00e9\nLuis L. V., de 50 a\u00f1os de edad y presuntamente se opuso a ser asaltado, por lo\ncual fue atacado.<\/p>\n","protected":false},"excerpt":{"rendered":"<p>Ismael Garc\u00eda M.\/Zona Roja. Oaxaca de Ju\u00e1rez, Oax., 22 de marzo de 2020.- Una persona&hellip;<\/p>\n","protected":false},"author":2,"featured_media":2295,"comment_status":"closed","ping_status":"open","sticky":false,"template":"","format":"standard","meta":{"_lmt_disableupdate":"","_lmt_disable":"","_jetpack_memberships_contains_paid_content":false,"footnotes":""},"categories":[109,51],"tags":[1542],"class_list":["post-10141","post","type-post","status-publish","format-standard","has-post-thumbnail","hentry","category-minuto-a-minuto","category-zona-roja","tag-ejecutado-en-salina-cruz"],"jetpack_featured_media_url":"https:\/\/zonaroja.com.mx\/wp-content\/uploads\/2019\/07\/Salina-Cruz-3.jpg","jetpack_sharing_enabled":true,"_links":{"self":[{"href":"https:\/\/zonaroja.com.mx\/index.php?rest_route=\/wp\/v2\/posts\/10141","targetHints":{"allow":["GET"]}}],"collection":[{"href":"https:\/\/zonaroja.com.mx\/index.php?rest_route=\/wp\/v2\/posts"}],"about":[{"href":"https:\/\/zonaroja.com.mx\/index.php?rest_route=\/wp\/v2\/types\/post"}],"author":[{"embeddable":true,"href":"https:\/\/zonaroja.com.mx\/index.php?rest_route=\/wp\/v2\/users\/2"}],"replies":[{"embeddable":true,"href":"https:\/\/zonaroja.com.mx\/index.php?rest_route=%2Fwp%2Fv2%2Fcomments&post=10141"}],"version-history":[{"count":1,"href":"https:\/\/zonaroja.com.mx\/index.php?rest_route=\/wp\/v2\/posts\/10141\/revisions"}],"predecessor-version":[{"id":10142,"href":"https:\/\/zonaroja.com.mx\/index.php?rest_route=\/wp\/v2\/posts\/10141\/revisions\/10142"}],"wp:featuredmedia":[{"embeddable":true,"href":"https:\/\/zonaroja.com.mx\/index.php?rest_route=\/wp\/v2\/media\/2295"}],"wp:attachment":[{"href":"https:\/\/zonaroja.com.mx\/index.php?rest_route=%2Fwp%2Fv2%2Fmedia&parent=10141"}],"wp:term":[{"taxonomy":"category","embeddable":true,"href":"https:\/\/zonaroja.com.mx\/index.php?rest_route=%2Fwp%2Fv2%2Fcategories&post=10141"},{"taxonomy":"post_tag","embeddable":true,"href":"https:\/\/zonaroja.com.mx\/index.php?rest_route=%2Fwp%2Fv2%2Ftags&post=10141"}],"curies":[{"name":"wp","href":"https:\/\/api.w.org\/{rel}","templated":true}]}}