{"id":10143,"date":"2020-03-22T08:23:14","date_gmt":"2020-03-22T14:23:14","guid":{"rendered":"http:\/\/www.zonaroja.com.mx\/?p=10143"},"modified":"2020-03-22T08:23:17","modified_gmt":"2020-03-22T14:23:17","slug":"se-agrava-crisis-mundial-por-coronavirus-mil-millones-de-personas-confinadas","status":"publish","type":"post","link":"https:\/\/zonaroja.com.mx\/?p=10143","title":{"rendered":"Se agrava crisis mundial por coronavirus; mil millones de personas confinadas"},"content":{"rendered":"\n<p>Redacci\u00f3n\/Zona Roja Cdmx.<\/p>\n\n\n\n<p>Ciudad de M\u00e9xico, 22 de marzo de 2020.-\nCerca de mil millones de personas pasan el fin de semana confinadas por el\nvirus. <\/p>\n\n\n\n<p>Agencias internacionales reportan que a\nescala global hay 308 mil 278 contagios, 13 mil 48 muertes y 92 mil 373\nrecuperados, de acuerdo con el conteo de la Universidad Johns Hopkins\n(https:\/\/bit.ly\/2wpG0AE).<\/p>\n\n\n\n<p>Espa\u00f1a, el segundo pa\u00eds europeo m\u00e1s\nafectado, inform\u00f3 que el n\u00famero de fallecidos en su territorio aument\u00f3 a mil\n381, con 25 mil 496 contagios. Despu\u00e9s de Madrid, Catalu\u00f1a se convirti\u00f3 en el\nsegundo gran foco de contagio del Covid-19, report\u00f3 Armando Tejeda,\ncorresponsal de \u201cLa Jornada\u201d. <\/p>\n\n\n\n<p>En tanto, Italia registr\u00f3 ayer un nuevo\nr\u00e9cord en las recientes 24 horas con 793 decesos por el Covid-19, lo que sit\u00faa\nel balance total en 4 mil 825 muertos y 53 mil 578 contagios, un mes despu\u00e9s\nque ocurri\u00f3 el primer fallecimiento en Europa por la pandemia.<\/p>\n\n\n\n<p>El primer ministro italiano, Giuseppe\nConte, orden\u00f3 el cierre de toda actividad de producci\u00f3n no esencial hasta el 3\nde abril tras el repunte de casos de coronavirus durante la \u00faltima jornada. <\/p>\n\n\n\n<p>Farmacias, supermercados, tiendas de\nalimentos, servicios postales, financieros y de seguros, adem\u00e1s de transporte,\ncontinuar\u00e1n operando, agreg\u00f3 el mandatario.<\/p>\n\n\n\n<p>M\u00e1s de 60 por ciento de las muertes m\u00e1s\nrecientes ocurrieron en Lombard\u00eda (546 en 24 horas) para un total de 3 mil 95\ndecesos, inform\u00f3 el asesor regional de asistencia sanitaria, Giulio Gallera.\nTambi\u00e9n la mitad de los nuevos casos provienen de este lugar.<\/p>\n\n\n\n<p>La pandemia deja en Francia 562 muertos\ny 14 mil 485 contagiados. El estado de Baden-W\u00fcrttemberg, en el suroeste de\nAlemania, abri\u00f3 sus hospitales a pacientes de la vecina regi\u00f3n del este de\nFrancia, que sufre incremento de casos.<\/p>\n\n\n\n<p>El n\u00famero de casos confirmados en\nAlemania aument\u00f3 a 22 mil 364, mientras las muertes llegaron a 84.<\/p>\n\n\n\n<p>\u00bfY CHINA\u2019<\/p>\n\n\n\n<p>China, donde surgi\u00f3 la enfermedad en\ndiciembre de 2019, env\u00eda millones de cubrebocas y otros art\u00edculos m\u00e9dicos a\ngobiernos necesitados, como los de Italia, Grecia, Serbia, Libia y Filipinas.\nLa Comisi\u00f3n Nacional de Salud china report\u00f3 ayer un total de 3 mil 265 decesos,\n81 mil 346 casos y 72 mil 355 recuperados.<\/p>\n\n\n\n<p>El primer ministro de Corea del Sur,\nChung Se-kyun, recomend\u00f3 encarecidamente el cierre de centros religiosos,\ngimnasios y clubes del pa\u00eds luego de un leve repunte en los contagios al\nregistrarse 147 m\u00e1s, tras varios d\u00edas en los que la cifra no llegaba a la\ncentena.<\/p>\n\n\n\n<p>Los casos confirmados en toda \u00c1frica\nsubieron a mil 114 en 40 pa\u00edses. Todas las mezquitas e iglesias en Egipto\ncerraron por dos semanas para frenar el contagio. Despu\u00e9s de 25 casos en\nAustralia vinculados al festejo de una boda en el sur de Sidney, las\nautoridades adoptaron medidas que asestan un duro golpe a esta floreciente\nindustria y obligan a inconsolables parejas a anular sus enlaces.<\/p>\n\n\n\n<p>Emiratos \u00c1rabes Unidos, Finlandia,\nBosnia, Lituania, Mauricio, Singapur e Israel anunciaron las primeras muertes\nvinculadas al nuevo coronavirus. El territorio palestino de Gaza confirm\u00f3 dos\ncasos.<\/p>\n\n\n\n<p>EN M\u00c9XICO<\/p>\n\n\n\n<p>En M\u00e9xico se reportaron 251 casos\npositivos de Covid-19, lo que representa un incremento de 48 casos en 24 horas,\ninform\u00f3 ayer Jos\u00e9 Luis Alom\u00eda, director general de Epidemiolog\u00eda de la\nSecretar\u00eda de Salud (Ssa). Explic\u00f3 que los casos sospechosos suman 697,\nmientras el n\u00famero de casos negativos alcanz\u00f3 mil 463, sin que se reporten\nnuevas defunciones.<\/p>\n\n\n\n<p>En tanto, Hugo L\u00f3pez-Gatell,\nsubsecretario de Prevenci\u00f3n y Promoci\u00f3n de la Salud, destac\u00f3 que ser\u00e1 en los\nprimeros d\u00edas cuando se informe oficialmente cu\u00e1les ser\u00e1n las acciones que\nasumir\u00e1 la administraci\u00f3n federal con el prop\u00f3sito de garantizar que el\npersonal con factores de riesgo para el Covid-19, tenga condiciones de mayor\nseguridad sanitaria. Acot\u00f3 que el gobierno federal no para, porque es un actor\nclave para implementar las acciones de protecci\u00f3n a la poblaci\u00f3n.<\/p>\n","protected":false},"excerpt":{"rendered":"<p>Redacci\u00f3n\/Zona Roja Cdmx. Ciudad de M\u00e9xico, 22 de marzo de 2020.- Cerca de mil millones&hellip;<\/p>\n","protected":false},"author":2,"featured_media":10144,"comment_status":"closed","ping_status":"open","sticky":false,"template":"","format":"standard","meta":{"_lmt_disableupdate":"","_lmt_disable":"","_jetpack_memberships_contains_paid_content":false,"footnotes":""},"categories":[109,47],"tags":[1510],"class_list":["post-10143","post","type-post","status-publish","format-standard","has-post-thumbnail","hentry","category-minuto-a-minuto","category-zona-gris","tag-coronavirus-pandemia-global"],"jetpack_featured_media_url":"https:\/\/zonaroja.com.mx\/wp-content\/uploads\/2020\/03\/Coronavirus.jpg","jetpack_sharing_enabled":true,"_links":{"self":[{"href":"https:\/\/zonaroja.com.mx\/index.php?rest_route=\/wp\/v2\/posts\/10143","targetHints":{"allow":["GET"]}}],"collection":[{"href":"https:\/\/zonaroja.com.mx\/index.php?rest_route=\/wp\/v2\/posts"}],"about":[{"href":"https:\/\/zonaroja.com.mx\/index.php?rest_route=\/wp\/v2\/types\/post"}],"author":[{"embeddable":true,"href":"https:\/\/zonaroja.com.mx\/index.php?rest_route=\/wp\/v2\/users\/2"}],"replies":[{"embeddable":true,"href":"https:\/\/zonaroja.com.mx\/index.php?rest_route=%2Fwp%2Fv2%2Fcomments&post=10143"}],"version-history":[{"count":1,"href":"https:\/\/zonaroja.com.mx\/index.php?rest_route=\/wp\/v2\/posts\/10143\/revisions"}],"predecessor-version":[{"id":10145,"href":"https:\/\/zonaroja.com.mx\/index.php?rest_route=\/wp\/v2\/posts\/10143\/revisions\/10145"}],"wp:featuredmedia":[{"embeddable":true,"href":"https:\/\/zonaroja.com.mx\/index.php?rest_route=\/wp\/v2\/media\/10144"}],"wp:attachment":[{"href":"https:\/\/zonaroja.com.mx\/index.php?rest_route=%2Fwp%2Fv2%2Fmedia&parent=10143"}],"wp:term":[{"taxonomy":"category","embeddable":true,"href":"https:\/\/zonaroja.com.mx\/index.php?rest_route=%2Fwp%2Fv2%2Fcategories&post=10143"},{"taxonomy":"post_tag","embeddable":true,"href":"https:\/\/zonaroja.com.mx\/index.php?rest_route=%2Fwp%2Fv2%2Ftags&post=10143"}],"curies":[{"name":"wp","href":"https:\/\/api.w.org\/{rel}","templated":true}]}}