{"id":10149,"date":"2020-03-22T09:34:36","date_gmt":"2020-03-22T15:34:36","guid":{"rendered":"http:\/\/www.zonaroja.com.mx\/?p=10149"},"modified":"2020-03-22T10:08:26","modified_gmt":"2020-03-22T16:08:26","slug":"desoye-edil-de-huatulco-medidas-por-coronavirus-y-arma-fiestas","status":"publish","type":"post","link":"https:\/\/zonaroja.com.mx\/?p=10149","title":{"rendered":"Desoye edil de Huatulco medidas por coronavirus y arma fiestas"},"content":{"rendered":"\n<p>Evlin Arag\u00f3n\/Zona Roja. Foto: Cortes\u00eda<\/p>\n\n\n\n<p>Oaxaca de Ju\u00e1rez, Oax., 22 de marzo de\n2020.- Pese a reiterados llamados del sector tur\u00edstico, social y la iniciativa\nprivada, el presidente municipal de Santa Mar\u00eda Huatulco, Giovanne Gonz\u00e1lez\nGarc\u00eda, desoy\u00f3 la aplicaci\u00f3n de medidas contra el coronavirus y persiste en\nrealizar actos masivos.<\/p>\n\n\n\n<p>Como este fin de semana, en que cientos\nde huatulque\u00f1os se dieron cita en la cabecera municipal para presenciar la\nquema del castillo con motivo del Cuarto Viernes de Cuaresma, as\u00ed como una\nserie de espect\u00e1culos musicales.<\/p>\n\n\n\n<p>Y es que debido a la contingencia que\nse registra en estos momentos a nivel mundial, la asociaci\u00f3n de Hoteles y\nMoteles en Huatulco, hab\u00eda pedido a mediados de la semana a las autoridades\nmunicipales la cancelaci\u00f3n de eventos masivos programados para este fin de\nsemana, con la intenci\u00f3n de evitar el contagio a gran escala del Covid-19.<\/p>\n\n\n\n<p>Lo anterior mediante un oficio dirigido\nal presidente municipal Giovanne Gonz\u00e1lez Garc\u00eda, en donde dan muestra de su\npreocupaci\u00f3n ante la realizaci\u00f3n de eventos que tradicionalmente concentran un\nimportante n\u00famero de asistentes y que podr\u00eda traducirse en un riesgo sanitario.<\/p>\n\n\n\n<p>\u201cEste a\u00f1o estamos viviendo una\nsituaci\u00f3n verdaderamente extraordinaria, ya que la pandemia del coronavirus\nCovid-19 empez\u00f3 a llegar a nuestro pa\u00eds y nuestro estado, lo cual nos obliga a\ntodos extremar precauciones y hacer cambios en nuestras vidas y actividades\ndiarias, para protegernos nosotros mismos y los que nos rodean\u201d, cita el\ndocumento.<\/p>\n\n\n\n<p>Firmado por Hugo Buila Durazo y\nAng\u00e9lica Ang\u00f3n Cano, representantes de la asociaci\u00f3n, el oficio explica que\neste viernes est\u00e1 programada la realizaci\u00f3n del Cuarto Viernes de Cuaresma,\nmismo que cuenta con gran afluencia de gente -tanto locales como visitantes- y\npodr\u00eda significar un riesgo no solo para la comunidad hotelera, sino para toda\nla localidad.<\/p>\n\n\n\n<p>Por lo anterior solicitaron\nrespetuosamente al edil la suspensi\u00f3n de todas las actividad p\u00fablicas del\ncar\u00e1cter masivo hasta nuevo aviso, incluidas las celebraciones religiosas de la\ntemporada de Cuaresma, tomando en cuenta las recientes recomendaciones emitidas\npor el gobernador del Estado, Alejandro Murat Hinojosa.<\/p>\n\n\n\n<p>\u201cSiendo usted m\u00e9dico de profesi\u00f3n y\nconsciente de la gravedad de esta pandemia, no dudamos que su prioridad\nabsoluta es la salud y el bienestar de nuestra poblaci\u00f3n y que contamos con su\nentera comprensi\u00f3n respecto a nuestra solicitud, por lo cual estamos muy al\npendiente de su anuncio formal\u201d, concluye el documento.<\/p>\n\n\n\n<p>Al respecto el municipio no ha\ndifundido su postura y por el contrario a trav\u00e9s de sus redes sociales mantiene\nla invitaci\u00f3n a los diferentes eventos programados para este fin de semana\nincluido el jaripeo, baile y gran concurso de caballos bailadores, en el marco\ndel Cuarto Viernes de Cuaresma.<\/p>\n\n\n\n<p>Las actividades forman parte de la Expo\nFeria Huatulco 2020 que tambi\u00e9n incluye una calenda, quema de fuegos\npirot\u00e9cnicos, un torneo gallos y uno m\u00e1s de b\u00e1squetbol que podr\u00eda poner en\nriesgo a la comunidad infantil y juvenil que ha sido convocada para su\nparticipaci\u00f3n.<\/p>\n\n\n\n<p>El edil de Huatulco simplemente no escuch\u00f3 a los hoteleros, por lo que con sus actividades pone en riesgo a miles de visitantes nacionales y extranjeros que acuden al principal destino de playa de Oaxaca.<\/p>\n","protected":false},"excerpt":{"rendered":"<p>Evlin Arag\u00f3n\/Zona Roja. Foto: Cortes\u00eda Oaxaca de Ju\u00e1rez, Oax., 22 de marzo de 2020.- Pese&hellip;<\/p>\n","protected":false},"author":2,"featured_media":10150,"comment_status":"closed","ping_status":"open","sticky":false,"template":"","format":"standard","meta":{"_lmt_disableupdate":"","_lmt_disable":"","_jetpack_memberships_contains_paid_content":false,"footnotes":""},"categories":[1],"tags":[],"class_list":["post-10149","post","type-post","status-publish","format-standard","has-post-thumbnail","hentry","category-sin-categoria"],"jetpack_featured_media_url":"https:\/\/zonaroja.com.mx\/wp-content\/uploads\/2020\/03\/Fiesta-Huatulco.jpg","jetpack_sharing_enabled":true,"_links":{"self":[{"href":"https:\/\/zonaroja.com.mx\/index.php?rest_route=\/wp\/v2\/posts\/10149","targetHints":{"allow":["GET"]}}],"collection":[{"href":"https:\/\/zonaroja.com.mx\/index.php?rest_route=\/wp\/v2\/posts"}],"about":[{"href":"https:\/\/zonaroja.com.mx\/index.php?rest_route=\/wp\/v2\/types\/post"}],"author":[{"embeddable":true,"href":"https:\/\/zonaroja.com.mx\/index.php?rest_route=\/wp\/v2\/users\/2"}],"replies":[{"embeddable":true,"href":"https:\/\/zonaroja.com.mx\/index.php?rest_route=%2Fwp%2Fv2%2Fcomments&post=10149"}],"version-history":[{"count":2,"href":"https:\/\/zonaroja.com.mx\/index.php?rest_route=\/wp\/v2\/posts\/10149\/revisions"}],"predecessor-version":[{"id":10152,"href":"https:\/\/zonaroja.com.mx\/index.php?rest_route=\/wp\/v2\/posts\/10149\/revisions\/10152"}],"wp:featuredmedia":[{"embeddable":true,"href":"https:\/\/zonaroja.com.mx\/index.php?rest_route=\/wp\/v2\/media\/10150"}],"wp:attachment":[{"href":"https:\/\/zonaroja.com.mx\/index.php?rest_route=%2Fwp%2Fv2%2Fmedia&parent=10149"}],"wp:term":[{"taxonomy":"category","embeddable":true,"href":"https:\/\/zonaroja.com.mx\/index.php?rest_route=%2Fwp%2Fv2%2Fcategories&post=10149"},{"taxonomy":"post_tag","embeddable":true,"href":"https:\/\/zonaroja.com.mx\/index.php?rest_route=%2Fwp%2Fv2%2Ftags&post=10149"}],"curies":[{"name":"wp","href":"https:\/\/api.w.org\/{rel}","templated":true}]}}