{"id":10153,"date":"2020-03-22T14:29:47","date_gmt":"2020-03-22T20:29:47","guid":{"rendered":"http:\/\/www.zonaroja.com.mx\/?p=10153"},"modified":"2020-03-22T14:32:35","modified_gmt":"2020-03-22T20:32:35","slug":"capulalpam-pueblo-magico-de-oaxaca-decreta-toque-de-queda-por-coronavirus","status":"publish","type":"post","link":"https:\/\/zonaroja.com.mx\/?p=10153","title":{"rendered":"Capul\u00e1lpam, \u201cpueblo m\u00e1gico\u201d de Oaxaca, decreta toque de queda por coronavirus"},"content":{"rendered":"\n<p>Ismael Garc\u00eda M.\/Zona Roja. Foto: Especial<\/p>\n\n\n\n<p>Oaxaca de Ju\u00e1rez, Oax., 22 de marzo de\n2020.- Para evitar contagios por el coronavirus, la autoridad municipal de\nCapul\u00e1lpam de M\u00e9ndez, con la categor\u00eda de \u201cpueblo m\u00e1gico\u201d, decret\u00f3 toque de\nqueda a partir de hoy domingo en esa comunidad tur\u00edstica de la Sierra Norte de\nOaxaca.<\/p>\n\n\n\n<p>La prohibici\u00f3n de entrar y salir del\npueblo ser\u00e1 de las 22:00 a la 05:59 horas, todos los d\u00edas, en que \u201cpermanecer\u00e1\ncerrado totalmente\u201d tanto a pobladores como visitantes.<\/p>\n\n\n\n<p>As\u00ed lo estableci\u00f3 el edil Adri\u00e1n Pedro\nArreort\u00faa M\u00e9ndez, mediante un oficio con fecha de ayer, dirigido a toda la\npoblaci\u00f3n y a los turistas nacionales y extranjeros.<\/p>\n\n\n\n<p>\u201cEn consideraci\u00f3n a la situaci\u00f3n epidemiol\u00f3gica que atraviesa nuestro pa\u00eds por la pandemia del coronavirus y en atenci\u00f3n a las indicaciones de las autoridades sanitarias del gobierno estatal y nacional, se ha determinado que a partir del 22 de marzo del presente a\u00f1o, el \u00fanico acceso ser\u00e1 la entrada principal que corresponde a la calle Miguel Hidalgo, con un horario de 06:00 a las 21:59 horas, con la valoraci\u00f3n previa de filtro sanitario que se encontrar\u00e1 instalado de manera anexa.<\/p>\n\n\n\n<figure class=\"wp-block-image\"><img decoding=\"async\" width=\"576\" height=\"1024\" src=\"http:\/\/www.zonaroja.com.mx\/wp-content\/uploads\/2020\/03\/Oficio-Capul\u00e1lpam-576x1024.jpg\" alt=\"\" class=\"wp-image-10155\" srcset=\"https:\/\/zonaroja.com.mx\/wp-content\/uploads\/2020\/03\/Oficio-Capul\u00e1lpam-576x1024.jpg 576w, https:\/\/zonaroja.com.mx\/wp-content\/uploads\/2020\/03\/Oficio-Capul\u00e1lpam-169x300.jpg 169w, https:\/\/zonaroja.com.mx\/wp-content\/uploads\/2020\/03\/Oficio-Capul\u00e1lpam-585x1040.jpg 585w, https:\/\/zonaroja.com.mx\/wp-content\/uploads\/2020\/03\/Oficio-Capul\u00e1lpam.jpg 720w\" sizes=\"(max-width: 576px) 100vw, 576px\" \/><\/figure>\n\n\n\n<p>\u201cY de las 10:00 de la noche a las 05:59\nde la ma\u00f1ana (toque de queda), permanecer\u00e1 cerrado totalmente. Adem\u00e1s, se\ntomar\u00e1n todas las medidas oficiales en caso de la detecci\u00f3n de casos con\nsintomatolog\u00eda respiratorio\u201d, expuso en el documento.<\/p>\n\n\n\n<p>Por ello, pidi\u00f3 la comprensi\u00f3n y\nparticipaci\u00f3n de la comunidad a fin de observar las medidas.<\/p>\n\n\n\n<p>Capul\u00e1lpam fue el primer \u201cpueblo m\u00e1gico\u201d\nde Oaxaca, denominaci\u00f3n otorgada desde hace m\u00e1s de una d\u00e9cada por la Secretar\u00eda\nde Turismo federal, mediante el cual recibi\u00f3 recursos financieros para remozar\ncalles, parques, jardines, entre otros, a fin de atraer un mayor n\u00famero de\nvisitantes.<\/p>\n\n\n\n<p>Se localiza a unos 75 kil\u00f3metros de la\ncapital del estado; a unos 20 kil\u00f3metros de Guelatao de Ju\u00e1rez.<\/p>\n","protected":false},"excerpt":{"rendered":"<p>Ismael Garc\u00eda M.\/Zona Roja. Foto: Especial Oaxaca de Ju\u00e1rez, Oax., 22 de marzo de 2020.-&hellip;<\/p>\n","protected":false},"author":2,"featured_media":10154,"comment_status":"closed","ping_status":"open","sticky":false,"template":"","format":"standard","meta":{"_lmt_disableupdate":"","_lmt_disable":"","_jetpack_memberships_contains_paid_content":false,"footnotes":""},"categories":[109,47],"tags":[1544],"class_list":["post-10153","post","type-post","status-publish","format-standard","has-post-thumbnail","hentry","category-minuto-a-minuto","category-zona-gris","tag-toque-de-queda-capulalpam"],"jetpack_featured_media_url":"https:\/\/zonaroja.com.mx\/wp-content\/uploads\/2020\/03\/Capul\u00e1lpam-de-M\u00e9ndez.jpg","jetpack_sharing_enabled":true,"_links":{"self":[{"href":"https:\/\/zonaroja.com.mx\/index.php?rest_route=\/wp\/v2\/posts\/10153","targetHints":{"allow":["GET"]}}],"collection":[{"href":"https:\/\/zonaroja.com.mx\/index.php?rest_route=\/wp\/v2\/posts"}],"about":[{"href":"https:\/\/zonaroja.com.mx\/index.php?rest_route=\/wp\/v2\/types\/post"}],"author":[{"embeddable":true,"href":"https:\/\/zonaroja.com.mx\/index.php?rest_route=\/wp\/v2\/users\/2"}],"replies":[{"embeddable":true,"href":"https:\/\/zonaroja.com.mx\/index.php?rest_route=%2Fwp%2Fv2%2Fcomments&post=10153"}],"version-history":[{"count":2,"href":"https:\/\/zonaroja.com.mx\/index.php?rest_route=\/wp\/v2\/posts\/10153\/revisions"}],"predecessor-version":[{"id":10157,"href":"https:\/\/zonaroja.com.mx\/index.php?rest_route=\/wp\/v2\/posts\/10153\/revisions\/10157"}],"wp:featuredmedia":[{"embeddable":true,"href":"https:\/\/zonaroja.com.mx\/index.php?rest_route=\/wp\/v2\/media\/10154"}],"wp:attachment":[{"href":"https:\/\/zonaroja.com.mx\/index.php?rest_route=%2Fwp%2Fv2%2Fmedia&parent=10153"}],"wp:term":[{"taxonomy":"category","embeddable":true,"href":"https:\/\/zonaroja.com.mx\/index.php?rest_route=%2Fwp%2Fv2%2Fcategories&post=10153"},{"taxonomy":"post_tag","embeddable":true,"href":"https:\/\/zonaroja.com.mx\/index.php?rest_route=%2Fwp%2Fv2%2Ftags&post=10153"}],"curies":[{"name":"wp","href":"https:\/\/api.w.org\/{rel}","templated":true}]}}