{"id":10161,"date":"2020-03-22T18:26:38","date_gmt":"2020-03-23T00:26:38","guid":{"rendered":"https:\/\/www.zonaroja.com.mx\/?p=10161"},"modified":"2020-03-22T18:27:44","modified_gmt":"2020-03-23T00:27:44","slug":"inicia-manana-receso-escolar-de-un-mes-por-pandemia-de-coronavirus","status":"publish","type":"post","link":"https:\/\/zonaroja.com.mx\/?p=10161","title":{"rendered":"Inicia ma\u00f1ana receso escolar de un mes, por pandemia de coronavirus"},"content":{"rendered":"\n<p class=\"MsoNormal\">Redacci\u00f3n\/Zona Roja.<\/p>\n\n\n\n<p class=\"MsoNormal\">Oaxaca de Ju\u00e1rez, Oax., 22 de marzo de 2020.-&nbsp;<a href=\"\/\/2\">Este lunes 23 de marzo<\/a>&nbsp;inicia formalmente el receso escolar por 30 d\u00edas en los 12 mil 102 planteles educativos&nbsp;<a href=\"\/\/3\">de las ocho<\/a>&nbsp;regiones de la entidad, inform\u00f3 el Instituto Estatal de Educaci\u00f3n P\u00fablica de Oaxaca (IEEPO).<\/p>\n\n\n\n<p class=\"MsoNormal\">Dicho periodo, indic\u00f3 en un comunicado, deber\u00e1 ser empleado para realizar un aislamiento preventivo de las familias por la presencia del coronavirus (Covid-19), en el pa\u00eds.<\/p>\n\n\n\n<p class=\"MsoNormal\">Expuso que a partir de las medidas sanitarias instruidas por el gobernador Alejandro Murat Hinojosa, la Secretar\u00eda de Salud y los Servicios de Salud de Oaxaca, para prevenir contagios y propagaci\u00f3n del Covid-19, 909 mil 463 estudiantes de educaci\u00f3n b\u00e1sica de la entidad, suspender\u00e1n actividades en las aulas, reanudando labores&nbsp;<a href=\"\/\/4\">el 20 de abril<\/a>.<\/p>\n\n\n\n<p class=\"MsoNormal\">La disposici\u00f3n indicada por la Secretar\u00eda de Educaci\u00f3n P\u00fablica (SEP) aplica a los distintos niveles de educaci\u00f3n especial, inicial, preescolar, primaria y secundaria, telesecundaria y secundarias generales, en sus modalidades de general, ind\u00edgena y comunitaria, tanto en escuelas p\u00fablicas como privadas, as\u00ed como en las escuelas normales.<\/p>\n\n\n\n<p class=\"MsoNormal\">En tanto a partir del martes 24 de marzo, el personal docente y administrativo de las escuelas, tambi\u00e9n participar\u00e1 en el aislamiento voluntario y preventivo, salvo en las actividades esenciales como el pago de n\u00f3mina, la limpieza al final del periodo o las que de no realizarse pusieran en riesgo o generen da\u00f1o a personas o al servicio educativo.<\/p>\n\n\n\n<p class=\"MsoNormal\">Entre el \u00faltimo viernes del receso y el d\u00eda de reanudaci\u00f3n de clases se iniciar\u00e1 la limpieza del plantel; por lo cual los tiempos y organizaci\u00f3n ser\u00e1n definidos por la direcci\u00f3n de la escuela y la Comisi\u00f3n de Salud.<\/p>\n\n\n\n<p class=\"MsoNormal\">Ante el receso de 30 d\u00edas, el IEEPO, que dirige Francisco \u00c1ngel Villarreal, exhorta a las autoridades escolares, municipales y comit\u00e9s de padres de familia a tomar medidas y establecer acciones en los planteles para resguardar las instalaciones, equipos, material y documentaci\u00f3n con el fin de&nbsp; evitar robos o actos vand\u00e1licos.<\/p>\n\n\n\n<p class=\"MsoNormal\">ACCIONES DE LIMPIEZA<\/p>\n\n\n\n<p class=\"MsoNormal\">Por otro lado, el IEEPO inform\u00f3 que fortalece las acciones de limpieza y desinfecci\u00f3n en los 82 Centros de Atenci\u00f3n Infantil (CAI), de Atenci\u00f3n M\u00faltiple (CAM), de Integraci\u00f3n Social (CIS) y albergues escolares de primaria que existen en la entidad, como parte de las medidas de protecci\u00f3n para evitar la propagaci\u00f3n del coronavirus Covid-19.<\/p>\n\n\n\n<p class=\"MsoNormal\">A trav\u00e9s del \u00e1rea de Protecci\u00f3n Civil y Emergencia Escolar, se promueven estas actividades en los diversos planteles educativos, as\u00ed como en la instalaci\u00f3n de filtros escolares para proteger la salud de las y los estudiantes, en la \u00faltima semana previa al receso escolar.<\/p>\n\n\n\n<p class=\"MsoNormal\">A\u00f1adi\u00f3 que se realizan estas acciones, las cuales forman parte de la estrategia que la administraci\u00f3n del gobernador Alejandro Murat Hinojosa implement\u00f3 para evitar la propagaci\u00f3n del coronavirus COVID-19, principalmente entre los grupos vulnerables, menores de edad y escolares que se encuentran en los diversos albergues.<\/p>\n\n\n\n<p class=\"MsoNormal\">Para estas tareas, se entregaron materiales de limpieza como son escobas, limpiadores y desinfectantes y se cont\u00f3 con la participaci\u00f3n de los responsables de los Niveles de Educaci\u00f3n Inicial, Ind\u00edgena, Primaria y Secundaria.<\/p>\n","protected":false},"excerpt":{"rendered":"<p>Redacci\u00f3n\/Zona Roja. Oaxaca de Ju\u00e1rez, Oax., 22 de marzo de 2020.-&nbsp;Este lunes 23 de marzo&nbsp;inicia&hellip;<\/p>\n","protected":false},"author":2,"featured_media":10163,"comment_status":"closed","ping_status":"open","sticky":false,"template":"","format":"standard","meta":{"_lmt_disableupdate":"","_lmt_disable":"","_jetpack_memberships_contains_paid_content":false,"footnotes":""},"categories":[109,46],"tags":[599],"class_list":["post-10161","post","type-post","status-publish","format-standard","has-post-thumbnail","hentry","category-minuto-a-minuto","category-zona-blanca","tag-instituto-estatal-de-educacion-publica-de-oaxaca"],"jetpack_featured_media_url":"https:\/\/zonaroja.com.mx\/wp-content\/uploads\/2020\/03\/02-ieepo-1.jpg","jetpack_sharing_enabled":true,"_links":{"self":[{"href":"https:\/\/zonaroja.com.mx\/index.php?rest_route=\/wp\/v2\/posts\/10161","targetHints":{"allow":["GET"]}}],"collection":[{"href":"https:\/\/zonaroja.com.mx\/index.php?rest_route=\/wp\/v2\/posts"}],"about":[{"href":"https:\/\/zonaroja.com.mx\/index.php?rest_route=\/wp\/v2\/types\/post"}],"author":[{"embeddable":true,"href":"https:\/\/zonaroja.com.mx\/index.php?rest_route=\/wp\/v2\/users\/2"}],"replies":[{"embeddable":true,"href":"https:\/\/zonaroja.com.mx\/index.php?rest_route=%2Fwp%2Fv2%2Fcomments&post=10161"}],"version-history":[{"count":1,"href":"https:\/\/zonaroja.com.mx\/index.php?rest_route=\/wp\/v2\/posts\/10161\/revisions"}],"predecessor-version":[{"id":10162,"href":"https:\/\/zonaroja.com.mx\/index.php?rest_route=\/wp\/v2\/posts\/10161\/revisions\/10162"}],"wp:featuredmedia":[{"embeddable":true,"href":"https:\/\/zonaroja.com.mx\/index.php?rest_route=\/wp\/v2\/media\/10163"}],"wp:attachment":[{"href":"https:\/\/zonaroja.com.mx\/index.php?rest_route=%2Fwp%2Fv2%2Fmedia&parent=10161"}],"wp:term":[{"taxonomy":"category","embeddable":true,"href":"https:\/\/zonaroja.com.mx\/index.php?rest_route=%2Fwp%2Fv2%2Fcategories&post=10161"},{"taxonomy":"post_tag","embeddable":true,"href":"https:\/\/zonaroja.com.mx\/index.php?rest_route=%2Fwp%2Fv2%2Ftags&post=10161"}],"curies":[{"name":"wp","href":"https:\/\/api.w.org\/{rel}","templated":true}]}}