{"id":10167,"date":"2020-03-23T12:41:02","date_gmt":"2020-03-23T18:41:02","guid":{"rendered":"https:\/\/www.zonaroja.com.mx\/?p=10167"},"modified":"2020-03-23T18:36:25","modified_gmt":"2020-03-24T00:36:25","slug":"continuan-las-denuncias-por-violencia-sexual-en-las-redes-sociales-suman-decenas-de-agresores","status":"publish","type":"post","link":"https:\/\/zonaroja.com.mx\/?p=10167","title":{"rendered":"Contin\u00faan las denuncias por violencia sexual en las redes sociales; suman decenas de agresores"},"content":{"rendered":"\n<p>Evlin Arag\u00f3n\/Zona Roja.&nbsp;<\/p>\n\n\n\n<p>Oaxaca de Ju\u00e1rez, Oax., 23 de marzo de 2020.-&nbsp;\u201cC\u00e9sar Ch\u00e1vez&nbsp;alias \u2018Chichas\u2019, artista gr\u00e1fico oaxaque\u00f1o, integrante del colectivo&nbsp;ASARO&nbsp;(Asamblea de Artistas Revolucionarios de Oaxaca) y del proyecto Chicatana, es un&nbsp;VIOLADOR\u201d.<\/p>\n\n\n\n<p>Esta forma parte de la denuncia p\u00fablica realizada en el 2014 por activistas y feministas que evidenciaron que utilizando un discurso revolucionario emanado del movimiento social del 2006, el artista envolv\u00eda a sus v\u00edctimas a quienes atacaba sexualmente.<\/p>\n\n\n\n<p>La acusaci\u00f3n se ha vuelto vigente en las publicaciones de Mee Too Oaxaca.2, en donde se pone de manifiesto que Ch\u00e1vez Victoria fue acusado penalmente por el delito de violaci\u00f3n y detenido en diciembre de 2016 y puesto en libertad 16 meses despu\u00e9s por orden del Juez Cuarto de lo Penal, Luis Salvador Cordero Colmenares.<\/p>\n\n\n\n<p>De acuerdo com la publicaci\u00f3n, fue el machismo y la misoginia las que dejaron libre a Cesar Ch\u00e1vez, ya que el juez argument\u00f3 que al no haber eyaculaci\u00f3n de parte del agresor, no exist\u00eda la violaci\u00f3n, as\u00ed mismo, exig\u00eda testigos de dicho acto para ser comprobado sin detenerse a pensar que el abuso fue llevado a cabo en privado.<\/p>\n\n\n\n<p>El caso de C\u00e9sar Ch\u00e1vez no es el \u00fanico expuesto, tambi\u00e9n se evidencia a Arnulfo profesor del Cobao 04 del Tule quien acosaba a las j\u00f3venes y como sanci\u00f3n \u00fanicamente se le cambio de plantel; Marco Antonio S\u00e1nchez Valencia por violentar a sus parejas sentimentales as\u00ed como a sus parejas, as\u00ed como otras mujeres a quienes intento atropellar.<\/p>\n\n\n\n<p>V\u00edctor Manuel Alejo Plata,&nbsp;&nbsp;Juan Jos\u00e9 Garc\u00eda Hern\u00e1ndez y Jorge Cruz Sebasti\u00e1n, profesores del Cobao; Rub\u00e9n Hern\u00e1ndez, due\u00f1o de la librer\u00eda \u201cHoja Vieja\u201d; C\u00e9sar Jarqu\u00edn, artista pl\u00e1stico; Ricardo Antonio Ram\u00edrez Jim\u00e9nez \u201cTotopo\u201d; Yescka (Facebook: Trani Ostia), artista pl\u00e1stico; Jorge Santiago Centeno Ayuso, consejero infantil; Pablo Andre\u00e9 L\u00f3pez Solano; Emmanuel Guti\u00e9rrez Antonio Javier, docente en la Universidad del Golfo; Miguel Abraham Cruz Lugo; Isaac Benjam\u00edn, abogado; y Miguel Natanael Bautista Mu\u00f1oz, tambi\u00e9n forman parte de las denuncias como agresores sexuales.<\/p>\n\n\n\n<p>Menci\u00f3n aparte la de Arturo Ruiz L\u00f3pez, investigador del IISUABJO, quien desde el 2015 es acusado de violar a una de sus colaboradoras de investigaci\u00f3n, de acuerdo con la denuncia fue encubierto por las autoridades universitarias y \u00fanicamente fue suspendido por dos a\u00f1os de su trabajo.<\/p>\n\n\n\n<p>Los comunicadores Alejo V\u00e1squez Hern\u00e1ndez, director del portal \u201cAl Rojo Vivo\u201d y Julio Eduardo Santana Aquino, el primero acusado de difundir notas amarillistas y consumir pornograf\u00eda , y el segundo de burlarse de los feminicidios y alentar a agredir a las participantes de las recientes marchas feministas a trav\u00e9s de su programa en l\u00ednea llamado \u201cEl mal del puerco\u201d.<\/p>\n\n\n\n<p>Funcionarios y personajes p\u00fablicos como Rub\u00e9n Vasconcelos M\u00e9ndez, fiscal general en Oaxaca, denuncia por misoginia e incompetencia para garantizar la vida libre de violencias de las mujeres; Rub\u00e9n Ahuitzotl P\u00e9rez M\u00e9ndez, trabajador de la Secretar\u00eda &nbsp;de las Mujeres se\u00f1alado como acosador y violentador de mujeres; as\u00ed como Pedro V\u00e1squez Villalobos, arzobispo de Oaxaca, a quien acusan de acarrear a la gente que fue a rezar a las afueras del recinto legislativo en contra de los derechos de las mujeres.<\/p>\n\n\n\n<p> \u201cNosotras no olvidamos. Que las paredes, las redes, las calles griten todo aquello que hemos callado durante tanto tiempo. Que no haya m\u00e1s silencio y que la voz de cada una resuene hasta que la justicia salde la deuda hist\u00f3rica que tiene con nosotras\u201d, concluye la publicaci\u00f3n.<\/p>\n","protected":false},"excerpt":{"rendered":"<p>Evlin Arag\u00f3n\/Zona Roja.&nbsp; Oaxaca de Ju\u00e1rez, Oax., 23 de marzo de 2020.-&nbsp;\u201cC\u00e9sar Ch\u00e1vez&nbsp;alias \u2018Chichas\u2019, artista&hellip;<\/p>\n","protected":false},"author":2,"featured_media":10175,"comment_status":"closed","ping_status":"open","sticky":false,"template":"","format":"standard","meta":{"_lmt_disableupdate":"","_lmt_disable":"","_jetpack_memberships_contains_paid_content":false,"footnotes":""},"categories":[109,47],"tags":[],"class_list":["post-10167","post","type-post","status-publish","format-standard","has-post-thumbnail","hentry","category-minuto-a-minuto","category-zona-gris"],"jetpack_featured_media_url":"https:\/\/zonaroja.com.mx\/wp-content\/uploads\/2020\/03\/Acoso-Cobao-1.jpg","jetpack_sharing_enabled":true,"_links":{"self":[{"href":"https:\/\/zonaroja.com.mx\/index.php?rest_route=\/wp\/v2\/posts\/10167","targetHints":{"allow":["GET"]}}],"collection":[{"href":"https:\/\/zonaroja.com.mx\/index.php?rest_route=\/wp\/v2\/posts"}],"about":[{"href":"https:\/\/zonaroja.com.mx\/index.php?rest_route=\/wp\/v2\/types\/post"}],"author":[{"embeddable":true,"href":"https:\/\/zonaroja.com.mx\/index.php?rest_route=\/wp\/v2\/users\/2"}],"replies":[{"embeddable":true,"href":"https:\/\/zonaroja.com.mx\/index.php?rest_route=%2Fwp%2Fv2%2Fcomments&post=10167"}],"version-history":[{"count":1,"href":"https:\/\/zonaroja.com.mx\/index.php?rest_route=\/wp\/v2\/posts\/10167\/revisions"}],"predecessor-version":[{"id":10168,"href":"https:\/\/zonaroja.com.mx\/index.php?rest_route=\/wp\/v2\/posts\/10167\/revisions\/10168"}],"wp:featuredmedia":[{"embeddable":true,"href":"https:\/\/zonaroja.com.mx\/index.php?rest_route=\/wp\/v2\/media\/10175"}],"wp:attachment":[{"href":"https:\/\/zonaroja.com.mx\/index.php?rest_route=%2Fwp%2Fv2%2Fmedia&parent=10167"}],"wp:term":[{"taxonomy":"category","embeddable":true,"href":"https:\/\/zonaroja.com.mx\/index.php?rest_route=%2Fwp%2Fv2%2Fcategories&post=10167"},{"taxonomy":"post_tag","embeddable":true,"href":"https:\/\/zonaroja.com.mx\/index.php?rest_route=%2Fwp%2Fv2%2Ftags&post=10167"}],"curies":[{"name":"wp","href":"https:\/\/api.w.org\/{rel}","templated":true}]}}