{"id":10171,"date":"2020-03-23T18:31:52","date_gmt":"2020-03-24T00:31:52","guid":{"rendered":"https:\/\/www.zonaroja.com.mx\/?p=10171"},"modified":"2020-03-23T18:31:56","modified_gmt":"2020-03-24T00:31:56","slug":"con-o-sin-coronavirus-violencia-sigue-tres-ejecutados-y-un-ataque-por-homofobia","status":"publish","type":"post","link":"https:\/\/zonaroja.com.mx\/?p=10171","title":{"rendered":"Con o sin coronavirus, violencia sigue: tres ejecutados y un ataque por homofobia"},"content":{"rendered":"\n<p class=\"MsoNormal\">Redacci\u00f3n\/ Zona Roja<\/p>\n\n\n\n<p class=\"MsoNormal\">Oaxaca de Ju\u00e1rez, Oax., 23 de marzo de 2020.- En menos de 24 horas, en la regi\u00f3n del Istmo y de la Sierra Sur se registr\u00f3 el asesinato con arma de fuego de tres personas, adem\u00e1s del ataque a un joven homosexual por el que casi pierde la vida.<\/p>\n\n\n\n<p class=\"MsoNormal\">Las autoridades de seguridad informaron el hallazgo anoche de un hombre sin vida, con se\u00f1ales de impactos de arma de fuego, sobre la carretera Juchit\u00e1n- Playa Vicente, en la jurisdicci\u00f3n de Juchit\u00e1n de Zaragoza, en la regi\u00f3n del Istmo.<\/p>\n\n\n\n<p class=\"MsoNormal\">El reporte indic\u00f3 que la persona posiblemente fue asesinada en otro sitio, pero el cuerpo lo abandonaron en la v\u00eda p\u00fablica, hasta donde arribaron los elementos de las distintas corporaciones policiales para acordonar el lugar y realizar las diligencias de ley.<\/p>\n\n\n\n<p class=\"MsoNormal\">Otro hecho violento se registr\u00f3&nbsp;<a href=\"\/\/1\">este lunes<\/a>&nbsp;en el municipio de Asunci\u00f3n Ixtaltepec, donde en un ataque armado un var\u00f3n perdi\u00f3 la vida.<\/p>\n\n\n\n<p class=\"MsoNormal\">El reporte preliminar indic\u00f3 que el hecho ocurri\u00f3 en la Cuarta Secci\u00f3n de la comunidad, en la calle de Galeana y Melchor Ocampo.<\/p>\n\n\n\n<p class=\"MsoNormal\">ATAQUE HOMOF\u00d3BICO<\/p>\n\n\n\n<p class=\"MsoNormal\">En tanto, un joven de la comunidad LGBTT, en el municipio de Juchit\u00e1n de Zaragoza, fue torturado la noche de este domingo.<\/p>\n\n\n\n<p class=\"MsoNormal\">Las autoridades de seguridad indicaron que la v\u00edctima es un var\u00f3n de 22 a\u00f1os de edad, a quien sus atacantes le cortaron la lengua con un cuchillo.<\/p>\n\n\n\n<p class=\"MsoNormal\">El joven, quien se identific\u00f3 como Jos\u00e9 Santiago S\u00e1nchez, report\u00f3 que sus agresores lo atacaron al interceptarlo en el callej\u00f3n de Las Cruces y Melchor Ocampo, en la Quinta Secci\u00f3n del municipio.<\/p>\n\n\n\n<p class=\"MsoNormal\">Al lugar arrib\u00f3 personal m\u00e9dico para brindar los primeros auxilios, as\u00ed como la Polic\u00eda Municipal.<\/p>\n\n\n\n<p class=\"MsoNormal\">OTRO EN CANDELARIA<\/p>\n\n\n\n<p class=\"MsoNormal\">Mientras tanto en Candelaria Loxicha, regi\u00f3n Sierra Sur, al mediod\u00eda de hoy ocurri\u00f3 un ataque armado en contra del ocupante de una camioneta del servicio mixto de pasaje y carga, misma que fue atacada en el centro de dicho municipio.<\/p>\n\n\n\n<p class=\"MsoNormal\">La v\u00edctima es el trabajador del volante identificado de manera preliminar como Juan y a\u00fan se desconocen los motivos de la agresi\u00f3n.<\/p>\n","protected":false},"excerpt":{"rendered":"<p>Redacci\u00f3n\/ Zona Roja Oaxaca de Ju\u00e1rez, Oax., 23 de marzo de 2020.- En menos de&hellip;<\/p>\n","protected":false},"author":2,"featured_media":10169,"comment_status":"closed","ping_status":"open","sticky":false,"template":"","format":"standard","meta":{"_lmt_disableupdate":"","_lmt_disable":"","_jetpack_memberships_contains_paid_content":false,"footnotes":""},"categories":[109,51],"tags":[],"class_list":["post-10171","post","type-post","status-publish","format-standard","has-post-thumbnail","hentry","category-minuto-a-minuto","category-zona-roja"],"jetpack_featured_media_url":"https:\/\/zonaroja.com.mx\/wp-content\/uploads\/2020\/03\/c3f3dc46-0a36-4fcb-8240-3f4847ac0ea5.jpg","jetpack_sharing_enabled":true,"_links":{"self":[{"href":"https:\/\/zonaroja.com.mx\/index.php?rest_route=\/wp\/v2\/posts\/10171","targetHints":{"allow":["GET"]}}],"collection":[{"href":"https:\/\/zonaroja.com.mx\/index.php?rest_route=\/wp\/v2\/posts"}],"about":[{"href":"https:\/\/zonaroja.com.mx\/index.php?rest_route=\/wp\/v2\/types\/post"}],"author":[{"embeddable":true,"href":"https:\/\/zonaroja.com.mx\/index.php?rest_route=\/wp\/v2\/users\/2"}],"replies":[{"embeddable":true,"href":"https:\/\/zonaroja.com.mx\/index.php?rest_route=%2Fwp%2Fv2%2Fcomments&post=10171"}],"version-history":[{"count":1,"href":"https:\/\/zonaroja.com.mx\/index.php?rest_route=\/wp\/v2\/posts\/10171\/revisions"}],"predecessor-version":[{"id":10172,"href":"https:\/\/zonaroja.com.mx\/index.php?rest_route=\/wp\/v2\/posts\/10171\/revisions\/10172"}],"wp:featuredmedia":[{"embeddable":true,"href":"https:\/\/zonaroja.com.mx\/index.php?rest_route=\/wp\/v2\/media\/10169"}],"wp:attachment":[{"href":"https:\/\/zonaroja.com.mx\/index.php?rest_route=%2Fwp%2Fv2%2Fmedia&parent=10171"}],"wp:term":[{"taxonomy":"category","embeddable":true,"href":"https:\/\/zonaroja.com.mx\/index.php?rest_route=%2Fwp%2Fv2%2Fcategories&post=10171"},{"taxonomy":"post_tag","embeddable":true,"href":"https:\/\/zonaroja.com.mx\/index.php?rest_route=%2Fwp%2Fv2%2Ftags&post=10171"}],"curies":[{"name":"wp","href":"https:\/\/api.w.org\/{rel}","templated":true}]}}