{"id":10173,"date":"2020-03-23T18:35:16","date_gmt":"2020-03-24T00:35:16","guid":{"rendered":"http:\/\/www.zonaroja.com.mx\/?p=10173"},"modified":"2020-03-23T18:35:21","modified_gmt":"2020-03-24T00:35:21","slug":"vera-salinas-de-las-acusaciones-de-espia-y-represor-a-feminista-y-candidato","status":"publish","type":"post","link":"https:\/\/zonaroja.com.mx\/?p=10173","title":{"rendered":"Vera Salinas, de las acusaciones de esp\u00eda y represor, \u00bfa feminista y candidato?"},"content":{"rendered":"\n<p>Ismael Garc\u00eda M.\/Zona Roja.<\/p>\n\n\n\n<p>Oaxaca de Ju\u00e1rez, Oax., 23 de marzo de\n2020.- En menos de dos d\u00e9cadas, mut\u00f3 de Teniente de Nav\u00edo bien portado a\nfuncionario, luego a represor social, despu\u00e9s esp\u00eda en Canc\u00fan y Oaxaca; de\nnuevo a funcionario; \u00bfy ahora feminista y candidato a diputado?<\/p>\n\n\n\n<p>Esta \u00faltima develaci\u00f3n la hizo una de\nsus ac\u00e9rrimas enemigas, que con todas las letras lo ha se\u00f1alado de alentar y\nproteger a grupos del crimen organizado, as\u00ed como generar violencia, incluso en\ncontra del Estado, para el que trabaja:<\/p>\n\n\n\n<p>\u201cNo he tenido contacto con \u00e9l, no\nacostumbro hablar con criminales, m\u00e1s despu\u00e9s de lo de mi atentado; antes de mi\natentado creo hubo algunas veces que intercambiamos palabras, pero despu\u00e9s del\natentado c\u00f3mo te sientas a hablar con alguien que te quiere matar.<\/p>\n\n\n\n<p>\u201cC\u00f3mo te sientas platicar o a tomar\nacuerdos con alguien que quiere matarte y est\u00e1 matando a tu gente. \u00c9l es el\nresponsable, desde el inicio lo dije y en este momento anda haciendo campa\u00f1a,\ndice que quiere ser diputado, no s\u00e9 qu\u00e9 cosa va a hacer.<\/p>\n\n\n\n<p>\u201cTambi\u00e9n ahora ya le sali\u00f3 lo\nfeminista, lo cual me da mucha no s\u00e9\u2026 me parece algo rid\u00edculo lo que est\u00e1\nhaciendo, ya es feminista, ya trabaja con mujeres; en su perfil de tel\u00e9fono\ntiene un s\u00edmbolo feminista, ya se volvi\u00f3 feminista, ya se est\u00e1 amarrando el\ndedo, a todo lo que est\u00e1 pasando y todo lo que viene\u2026\u201d.<\/p>\n\n\n\n<p>As\u00ed lo dijo el pasado martes 17 de\nmarzo la dirigente de la Confederaci\u00f3n \u201cLibertad\u201d, Guadalupe D\u00edaz Pantoja, de\nno pocos antecedentes negativos tambi\u00e9n.<\/p>\n\n\n\n<p>S\u00ed, se refiere Jos\u00e9 Manuel Vera Salinas,\nquien ahora ha ordenado a sus subalternos que le llamen maestro, y tal cual\nfirma sus documentos oficiales como titular del Secretariado Ejecutivo del\nSistema Estatal de Seguridad P\u00fablica de Oaxaca.<\/p>\n\n\n\n<p>(Por cierto, esa instancia no aparece\nen la estructura de gobierno ni de la Secretar\u00eda de Seguridad P\u00fablica, pese a\nla importancia que tiene, adem\u00e1s de una enorme estructura, pues maneja a su\narbitrio los recursos presupuestales de la seguridad y procuraci\u00f3n de justicia\nen la entidad. En su p\u00e1gina de internet, tampoco aparece su curr\u00edculum).<\/p>\n\n\n\n<p>LARGO HISTORIAL<\/p>\n\n\n\n<p>Jos\u00e9 Manuel Vera Salinas lleg\u00f3 a Oaxaca\ncon Jos\u00e9 Murat Casab, quien pidi\u00f3 a la Secretar\u00eda de Marina le recomendara a\ndos elementos debidamente preparados para tareas de protecci\u00f3n y otros\nmenesteres poco claros; el segundo fue Manuel Moreno Rivas, del que por cierto\nno se sabe nada ahora; tras su salida de gobierno, se dedic\u00f3 tambi\u00e9n al\nespionaje.<\/p>\n\n\n\n<p>En los primeros dos a\u00f1os de Murat como\ngobernador, Vera Salinas fungi\u00f3 como jefe de escoltas, pero luego le cedi\u00f3 su\nlugar Moreno Rivas, quien resguardaba al entonces mandatario cuando ocurri\u00f3 el\n\u201cautoatentado\u201d de la \u201cparabrisas\u201d.<\/p>\n\n\n\n<p>Terminado el sexenio, se peg\u00f3 en el\ngobierno de Ulises Ruiz Ortiz &#8211;archienemigo pol\u00edtico de Jos\u00e9 Murat&#8211; y se\ndesempe\u00f1\u00f3 como director de Seguridad P\u00fablica, de 2006 al 2007.<\/p>\n\n\n\n<p>Despu\u00e9s de los hechos violentos del 14\nde junio de 2014, intento de desalojo que \u00e9l mismo encabez\u00f3, se volvi\u00f3 toda una\nleyenda urbana. Fue acusado de encabezar las llamadas \u201cCaravanas de la muerte\u201d,\npara eliminar a activistas sociales de la entonces Asamblea Popular de los\nPueblos de Oaxaca, uno de cuyos representantes, Flavio Sosa Villavicencio, as\u00ed\nlo atestigua y sostiene.<\/p>\n\n\n\n<p>El informe de la Comisi\u00f3n de la Verdad,\nrendido en febrero de 2017, as\u00ed lo remarca y en el cual ped\u00edan c\u00e1rcel y castigo\na Vera Salinas, as\u00ed como a Ulises Ruiz y su protector, Jorge Franco Vargas,\nsecretario General de Gobierno entonces, quien conoce a la perfecci\u00f3n las\nandanzas de Vera en esa \u00e9poca.<\/p>\n\n\n\n<p>No termin\u00f3 ese sexenio y tras ello,\ndesapareci\u00f3 por un tiempo en Oaxaca y, seg\u00fan sus propios allegados, mantuvo y\nmantiene un centro de espionaje en la zona norte de la capital.<\/p>\n\n\n\n<p>Despu\u00e9s fue invitado a Canc\u00fan, Quintana\nRoo, por un personaje no menos pol\u00e9mico, Greg S\u00e1nchez; le dio cobijo el edil\nFrancisco Alor Quezada, quien lo hizo jefe de seguridad p\u00fablica.<\/p>\n\n\n\n<p>Pero no dej\u00f3 sus artes de espiar y fue\npillado con varias casas de seguridad, tras lo cual tuvo que huir.<\/p>\n\n\n\n<p>En 2010, la reconocida periodista\nIsabel Arvide, radicada por muchos a\u00f1os en Quintana Roo, escribi\u00f3 sobre el\nsusodicho: \u201cDe Canc\u00fan a Oaxaca, se\u00f1alado como esp\u00eda y asesino: Jos\u00e9 Manuel Vera\nSalinas\u201d (https:\/\/cambioqrr.com\/2017_883\/).<\/p>\n\n\n\n<p>NEXOS OSCUROS<\/p>\n\n\n\n<p>Las denuncias de Guadalupe D\u00edaz Pantoja\ntienen m\u00e1s de dos a\u00f1os e incluso lo ha ligado con la delincuencia organizada;\npor ejemplo, el 15 de noviembre de 2018, en que la lideresa aglutin\u00f3 a varios\nrepresentantes sociales para denunciarlo p\u00fablicamente.<\/p>\n\n\n\n<p>Un texto que detalla de esos nexos se\npuede encontrar en el sitio www.eltxoromatutino.com, que refiere qui\u00e9n ha sido\nsu contacto.<\/p>\n\n\n\n<p>REGRESO CON GLORIA<\/p>\n\n\n\n<p>Pero todo eso lo olvid\u00f3 Alejandro\nMurat, por recomendaci\u00f3n de su padre, quien lo design\u00f3 titular del Secretariado\nEjecutivo del Sistema Estatal de Seguridad P\u00fablica, que maneja los recursos\ndestinados a la seguridad.<\/p>\n\n\n\n<p>Por ejemplo, en 2019, del Fondo de\nAportaciones a la Seguridad P\u00fablica, manej\u00f3 196 millones de pesos; del Programa\nde Fortalecimiento para la seguridad, 100 millones de pesos para seis\nmunicipios. De los informes de las acciones que realiza no existen evidencias;\nsu curr\u00edculum fue borrado de internet.<\/p>\n\n\n\n<p>De manera extra\u00f1a e il\u00f3gica, le fue\nencargada a Vera Salinas la relaci\u00f3n con grupos de transportistas, quitando\nesta responsabilidad a la Secretar\u00eda de Movilidad.<\/p>\n\n\n\n<p>Pero fue adrede, pues desde ah\u00ed ha\noperado para desaparecer a la mayor\u00eda de los gremios, incluyendo la otrora\npoderosa CTM y la CROC, para fortalecer al CATEM, de Pedro Haces Barba en\nOaxaca, de quien hemos dado detalles en colaboraciones anteriores.<\/p>\n\n\n\n<p>Con D\u00edaz Pantoja no ha podido, de ah\u00ed\nla rivalidad y las acusaciones de \u00e9sta de desaparecer a sangre y fuego la\nmayor\u00eda de los sindicatos de transportistas para imponer como \u00fanica a la CATEM.<\/p>\n\n\n\n<p>Para ello, utiliz\u00f3 los servicios de\nJos\u00e9 Raymundo Tu\u00f1\u00f3n J\u00e1uregui, a quien utiliz\u00f3 desde la Secretar\u00eda de Seguridad\nP\u00fablica para sembrar terror en Oaxaca. Incluso para desestabilizar municipios,\ncreando escenarios violentos, principalmente en los gobernados por el Partido\nMorena (Juchit\u00e1n, Salina Cruz, Tehuantepec\u2026).<\/p>\n\n\n\n<p>Vera se siente ya operador pol\u00edtico y\nalardea con sus allegados de tener control de un importante grupo de \u201cporros\u201d\nen la UABJO e incluso busca imponer a candidato a la rector\u00eda, que ser\u00eda el\ndirector de la Facultad de Medicina.<\/p>\n\n\n\n<p>Parte de su escenario se cay\u00f3 en junio\nde 2019, cuando destituyeron a Tu\u00f1\u00f3n y designaron a Ra\u00fal Ernesto Salcedo; de\nmanera parad\u00f3jica, en lugar de contribuir a la seguridad de Oaxaca, ha\ncolaborado &#8211;seg\u00fan diversas fuentes&#8211; a torpedear al secretario de Seguridad,\npues sabe que conoce todas sus andanzas, ligas, pasado y presente y futuro.<\/p>\n\n\n\n<p>EL NUEVO HOMBRE<\/p>\n\n\n\n<p>Pero todo eso ya cambi\u00f3 para el maestro\nJos\u00e9 Manuel Vera Salinas. Ahora, seg\u00fan sus paneg\u00edricos, a quienes por cierto\nconsciente econ\u00f3micamente muy bien, ahora es un hombre trabajador, padre de\ntres hijos, preocupado por la seguridad de los oaxaque\u00f1os, pero sobre todo por\nla violencia en contra de las mujeres.<\/p>\n\n\n\n<p>Recorre continuamente, m\u00e1s que el\ntitular de la SSPO, las regiones del estado, luce en fotograf\u00edas entregando\npatrullas y equipamiento; posa con mujeres para demostrarles solidaridad.<\/p>\n\n\n\n<p>De hecho, la foto del perfil del\nSecretariado Ejecutivo es de mujeres con trajes regionales; en el portal se\npromueven varios anuncios contra la violencia hacia ellas.<\/p>\n\n\n\n<p>\u201cTengo derecho de ser libre, de caminar\npor la calle sin miedo al acoso. Porque soy mujer y merezco respeto y\nseguridad. #niunamasniunamenos\u201d, refiere su publicaci\u00f3n m\u00e1s reciente, el 17 de\nmarzo pasado.<\/p>\n\n\n\n<p>En los \u00faltimos d\u00edas, ha recorrido\nPinotepa Nacional, donde el 12 de marzo instal\u00f3 el Comit\u00e9 Regional de Consulta\ny Participaci\u00f3n Ciudadana de la Costa, que m\u00e1s bien parece una plataforma electoral.<\/p>\n\n\n\n<p>Lo mismo hizo en San Pedro Pochutla,\nAsunci\u00f3n Ixtaltepec, Huaxpaltepec, entre otros; lo mismo recibe en sus oficinas\na dirigentes de organizaciones sociales, como Afodepo, que a autoridades\nmunicipales y diputados.<\/p>\n\n\n\n<p>Promueve @SESESP_GobOax acciones\nafirmativas para erradicar la violencia contra las #mujeres.\n#UnidasContraLaViolencia. @polux100\u201d. \u201cLas cifras asustan. Una de cada tres\nmujeres ha sido objeto de violencia f\u00edsica o sexual, lo que supone el 35% de\ntodas las mujeres del mundo. Unidas pondremos fin a la violencia contra las\nmujeres. #UnidasContraLaViolencia @alejandromurat @polux100\u201d, es la nueva\ncampa\u00f1a.<\/p>\n\n\n\n<p>Es el renovado hombre que quiere dejar\natr\u00e1s, medi\u00e1ticamente, su pasado, para ser candidato. Pero, \u00bfseguro que ya se\nolvid\u00f3 su pasado?<\/p>\n","protected":false},"excerpt":{"rendered":"<p>Ismael Garc\u00eda M.\/Zona Roja. Oaxaca de Ju\u00e1rez, Oax., 23 de marzo de 2020.- En menos&hellip;<\/p>\n","protected":false},"author":2,"featured_media":7610,"comment_status":"closed","ping_status":"open","sticky":false,"template":"","format":"standard","meta":{"_lmt_disableupdate":"","_lmt_disable":"","_jetpack_memberships_contains_paid_content":false,"footnotes":""},"categories":[456,109,48],"tags":[1353],"class_list":["post-10173","post","type-post","status-publish","format-standard","has-post-thumbnail","hentry","category-columna","category-minuto-a-minuto","category-zona-critica","tag-opinion-zona-critica"],"jetpack_featured_media_url":"https:\/\/zonaroja.com.mx\/wp-content\/uploads\/2020\/01\/Opini\u00f3n-Zona-Cr\u00edtica.jpg","jetpack_sharing_enabled":true,"_links":{"self":[{"href":"https:\/\/zonaroja.com.mx\/index.php?rest_route=\/wp\/v2\/posts\/10173","targetHints":{"allow":["GET"]}}],"collection":[{"href":"https:\/\/zonaroja.com.mx\/index.php?rest_route=\/wp\/v2\/posts"}],"about":[{"href":"https:\/\/zonaroja.com.mx\/index.php?rest_route=\/wp\/v2\/types\/post"}],"author":[{"embeddable":true,"href":"https:\/\/zonaroja.com.mx\/index.php?rest_route=\/wp\/v2\/users\/2"}],"replies":[{"embeddable":true,"href":"https:\/\/zonaroja.com.mx\/index.php?rest_route=%2Fwp%2Fv2%2Fcomments&post=10173"}],"version-history":[{"count":1,"href":"https:\/\/zonaroja.com.mx\/index.php?rest_route=\/wp\/v2\/posts\/10173\/revisions"}],"predecessor-version":[{"id":10174,"href":"https:\/\/zonaroja.com.mx\/index.php?rest_route=\/wp\/v2\/posts\/10173\/revisions\/10174"}],"wp:featuredmedia":[{"embeddable":true,"href":"https:\/\/zonaroja.com.mx\/index.php?rest_route=\/wp\/v2\/media\/7610"}],"wp:attachment":[{"href":"https:\/\/zonaroja.com.mx\/index.php?rest_route=%2Fwp%2Fv2%2Fmedia&parent=10173"}],"wp:term":[{"taxonomy":"category","embeddable":true,"href":"https:\/\/zonaroja.com.mx\/index.php?rest_route=%2Fwp%2Fv2%2Fcategories&post=10173"},{"taxonomy":"post_tag","embeddable":true,"href":"https:\/\/zonaroja.com.mx\/index.php?rest_route=%2Fwp%2Fv2%2Ftags&post=10173"}],"curies":[{"name":"wp","href":"https:\/\/api.w.org\/{rel}","templated":true}]}}