{"id":10176,"date":"2020-03-23T18:58:56","date_gmt":"2020-03-24T00:58:56","guid":{"rendered":"http:\/\/www.zonaroja.com.mx\/?p=10176"},"modified":"2020-03-23T18:58:58","modified_gmt":"2020-03-24T00:58:58","slug":"promueven-campana-para-recabar-fondos-en-apoyo-a-maria-elena","status":"publish","type":"post","link":"https:\/\/zonaroja.com.mx\/?p=10176","title":{"rendered":"Promueven campa\u00f1a para recabar fondos en apoyo a Mar\u00eda Elena"},"content":{"rendered":"\n<p>Evlin Arag\u00f3n\/Zona Roja.<\/p>\n\n\n\n<p>Oaxaca de Ju\u00e1rez, Oax., 23 de marzo de\n2020.- \u201cJuntos podremos lograr que Mar\u00eda Elena R\u00edos pueda continuar con sus\ntratamiento. Juntos lograremos que se haga JUSTICIA\u201d.<\/p>\n\n\n\n<p>As\u00ed refiere la publicaci\u00f3n en las redes\nsociales que promueve la recaudaci\u00f3n de fondos en apoyo a la saxofonista\natacada con \u00e1cido el 9 de septiembre del 2019.<\/p>\n\n\n\n<p>Se trata de una iniciativa encabezada\npor un grupo de colegas de la m\u00fasica que apoyan a \u201cMalena\u201d y mantienen la\nexigencia de justicia y castigo al responsable del ataque de la joven, mismo\nque se encuentra en el twitter como @TodasSomosMale.<\/p>\n\n\n\n<p>Lo han hecho mediante la plataforma\ndonadora.org en donde se han puesto la meta de conseguir un mill\u00f3n y medio de\npesos para solventar las intervenciones quir\u00fargicas que la joven tienen\npendiente para reconstruir quir\u00fargicamente gran parte de su cuerpo.<\/p>\n\n\n\n<p>\u201cLa saxofonista sigue someti\u00e9ndose a\nintervenciones quir\u00fargicas en gran parte de su cuerpo. Ella necesita\nreconstrucci\u00f3n de p\u00e1rpados, nariz, boca, cuello, pecho y piernas\u201d, refiere el\nvideo con el que se ilustra la petici\u00f3n de apoyo para la joven mixteca.<\/p>\n\n\n\n<p>As\u00ed mismo evidencian que Mar\u00eda Elena\nnecesita de tratamiento psicol\u00f3gico, pues el ataque del que fue v\u00edctima afect\u00f3\nen todos aspectos su vida, mientas que su familia no puede costear todos los\ngastos que ello implica.<\/p>\n\n\n\n<p>Aprovechan la plataforma para hacer\nevidente la falta de apoyo por parte de las autoridades del estado, mientras\nque las quemaduras en el cuerpo de la joven saxofonista contin\u00faan creciendo por\nlo que aseguran son fundamentales las intervenciones quir\u00fargicas.<\/p>\n\n\n\n<p>La fondeadora permite apoyos desde 100,\n250, 500, 1000 y 2000 mil pesos y dependiendo del monto las y los donadores\nreciben el reconocimiento a trav\u00e9s de las redes sociales, un certificado\ndigital de agradecimiento y un video de agradecimiento de parte de quien reciba\nlos beneficios.<\/p>\n\n\n\n<p>\u201cAyudemos a Mar\u00eda Elena a recupera su\nvida y a seguir su sue\u00f1o\u201d, refiere el mensaje que se puede ver en la p\u00e1gina que\nalberga la recaudaci\u00f3n de fondos.<\/p>\n\n\n\n<p>Aunque no menciona la fecha en la\niniciaron con la iniciativa, hasta el momento son 68 mil 342 pesos los que se\nhan reunido, cuatro por ciento del total de la meta, ello con el aporte\nsolidario de 118 personas.<\/p>\n\n\n\n<p>Han pasado m\u00e1s de seis meses desde el\nataque con \u00e1cido que le cambi\u00f3 la vida para siempre a Mar\u00eda Elena R\u00edos Ortiz,\njoven de 26 a\u00f1os con un futuro prometedor en la m\u00fasica, cuyo cuerpo hoy\npresenta huellas imborrables de la violencia extrema ejercida en su contra, y\npor lo cual a\u00fan no obtiene justicia.<\/p>\n","protected":false},"excerpt":{"rendered":"<p>Evlin Arag\u00f3n\/Zona Roja. Oaxaca de Ju\u00e1rez, Oax., 23 de marzo de 2020.- \u201cJuntos podremos lograr&hellip;<\/p>\n","protected":false},"author":2,"featured_media":10177,"comment_status":"closed","ping_status":"open","sticky":false,"template":"","format":"standard","meta":{"_lmt_disableupdate":"","_lmt_disable":"","_jetpack_memberships_contains_paid_content":false,"footnotes":""},"categories":[109,47],"tags":[1124],"class_list":["post-10176","post","type-post","status-publish","format-standard","has-post-thumbnail","hentry","category-minuto-a-minuto","category-zona-gris","tag-maria-elena-rios-ortiz"],"jetpack_featured_media_url":"https:\/\/zonaroja.com.mx\/wp-content\/uploads\/2020\/03\/Campa\u00f1a-Mar\u00eda-Elena.jpg","jetpack_sharing_enabled":true,"_links":{"self":[{"href":"https:\/\/zonaroja.com.mx\/index.php?rest_route=\/wp\/v2\/posts\/10176","targetHints":{"allow":["GET"]}}],"collection":[{"href":"https:\/\/zonaroja.com.mx\/index.php?rest_route=\/wp\/v2\/posts"}],"about":[{"href":"https:\/\/zonaroja.com.mx\/index.php?rest_route=\/wp\/v2\/types\/post"}],"author":[{"embeddable":true,"href":"https:\/\/zonaroja.com.mx\/index.php?rest_route=\/wp\/v2\/users\/2"}],"replies":[{"embeddable":true,"href":"https:\/\/zonaroja.com.mx\/index.php?rest_route=%2Fwp%2Fv2%2Fcomments&post=10176"}],"version-history":[{"count":1,"href":"https:\/\/zonaroja.com.mx\/index.php?rest_route=\/wp\/v2\/posts\/10176\/revisions"}],"predecessor-version":[{"id":10178,"href":"https:\/\/zonaroja.com.mx\/index.php?rest_route=\/wp\/v2\/posts\/10176\/revisions\/10178"}],"wp:featuredmedia":[{"embeddable":true,"href":"https:\/\/zonaroja.com.mx\/index.php?rest_route=\/wp\/v2\/media\/10177"}],"wp:attachment":[{"href":"https:\/\/zonaroja.com.mx\/index.php?rest_route=%2Fwp%2Fv2%2Fmedia&parent=10176"}],"wp:term":[{"taxonomy":"category","embeddable":true,"href":"https:\/\/zonaroja.com.mx\/index.php?rest_route=%2Fwp%2Fv2%2Fcategories&post=10176"},{"taxonomy":"post_tag","embeddable":true,"href":"https:\/\/zonaroja.com.mx\/index.php?rest_route=%2Fwp%2Fv2%2Ftags&post=10176"}],"curies":[{"name":"wp","href":"https:\/\/api.w.org\/{rel}","templated":true}]}}