{"id":10187,"date":"2020-03-23T19:27:06","date_gmt":"2020-03-24T01:27:06","guid":{"rendered":"http:\/\/www.zonaroja.com.mx\/?p=10187"},"modified":"2020-03-23T19:35:48","modified_gmt":"2020-03-24T01:35:48","slug":"piden-aplicar-ley-olimpia-por-chat-en-que-violenta-a-mujeres-mixes","status":"publish","type":"post","link":"https:\/\/zonaroja.com.mx\/?p=10187","title":{"rendered":"Piden aplicar \u201cLey Olimpia\u201d por chat en que violenta a mujeres mixes"},"content":{"rendered":"\n<p>Evlin Arag\u00f3n\/Zona Roja.<\/p>\n\n\n\n<p>Oaxaca de Ju\u00e1rez, Oax., 23 de marzo de\n2020.- Integrantes de la Coordinadora Nacional de Mujeres Ind\u00edgenas condenaron\nla existencia del grupo de WhatsApp \u201cSierra XXX\u201d &#8211;en que estaba integrado un\nfuncionario del Instituto Nacional de Pueblos Indigenas (INPI)&#8211; que se dio a\nconocer la semana pasada y cuyo prop\u00f3sito es compartir pornograf\u00eda y fotos\n\u00edntimas, principalmente de mujeres mixes.<\/p>\n\n\n\n<p>A trav\u00e9s de un comunicado de prensa, se\nha pedido la aplicaci\u00f3n de la \u201cLey Olimpia\u201d, es decir que la investigaci\u00f3n del\ncaso se realice de acuerdo al C\u00f3digo Penal de Oaxaca donde establece, en el\nart\u00edculo 249, el delito de violaci\u00f3n a la intimidad sexual y el de violencia\ndigital establecida en la Ley General de Acceso de las Mujeres a una Vida Libre\nde Violencia, vigente en la entidad.<\/p>\n\n\n\n<p>La \u201cLey Olimpia\u201d fue aprobada en el\nestado en julio del a\u00f1o pasado, en la cual se establecen sanciones de hasta\nocho a\u00f1os de prisi\u00f3n y multas de mil a dos mil veces el salario m\u00ednimo para\nquienes compartan contenido \u00edntimo, er\u00f3tico o sexual sin consentimiento de la\nv\u00edctimas.<\/p>\n\n\n\n<p>Por lo que instan al Instituto Nacional\nde los Pueblos Ind\u00edgenas (INPI) que investigue y sancione a los funcionarios\nestatales y federales involucrados, entre ellos Juan Eliel Hern\u00e1ndez, Donato\nVargas (extrabajador del Instituto Nacional de Pueblos Ind\u00edgenas) y Rolando\nV\u00e1zquez P\u00e9rez quien a ra\u00edz del conflicto \u201crenunci\u00f3\u201d.<\/p>\n\n\n\n<p>Asimismo, pidieron a la instancia a\ncomprometerse e implementar espacios de formaci\u00f3n sobre perspectiva de g\u00e9nero\nen todo su personal. <\/p>\n\n\n\n<p>\u201cEs urgente un programa sobre violencia\nde g\u00e9nero y nuevas masculinidades en todas las instituciones desde lo local\nhasta lo federal\u201d, refiere el comunicado de la Coordinadora Nacional de Mujeres\nInd\u00edgenas.<\/p>\n\n\n\n<p>Tambi\u00e9n, demandaron la intervenci\u00f3n de\nla Secretar\u00eda de la Funci\u00f3n P\u00fablica y de la Fiscal\u00eda General del Estado de\nOaxaca para sancionar administrativa y penalmente seg\u00fan corresponda a todos los\nresponsables y part\u00edcipes del citado grupo que violento los derechos a la\nintimidad de las mujeres mixes.<\/p>\n\n\n\n<p>\u201cNos solidarizamos con cada una de las\ncompa\u00f1eras afectadas y exigimos la reparaci\u00f3n del da\u00f1o, la no repetici\u00f3n de\nestos actos y garantizar los derechos humanos de las mujeres ind\u00edgenas del\npa\u00eds\u201d, concluyen.<\/p>\n\n\n\n<p>Desde el pasado mi\u00e9rcoles a trav\u00e9s de\nlas redes sociales se empez\u00f3 a hacer evidente la situaci\u00f3n, a la denuncia ser\nuni\u00f3 la ling\u00fcista y activista por los derechos de las comunidades ind\u00edgenas,\nY\u00e1snaya Aguilar Gil, quien asegur\u00f3 que el funcionado federal se\u00f1alado de pertenecer\nal grupo es una de las personas que m\u00e1s la ha agredido en su lucha por\nevidenciar la situaci\u00f3n que vive Ayutla con la falta de agua desde hace m\u00e1s de\ndos a\u00f1os, y entre otras situaciones.<\/p>\n\n\n\n<p>As\u00ed mismo la poeta y representante de\nAm\u00e9rica Latina para Asuntos Ind\u00edgenas de las Naciones Unidas, Irma Pineda, se\nuni\u00f3 a la denuncia a la par que exigi\u00f3 a las autoridades del INPI se\ninvestiguen los hechos debido al se\u00f1alamiento directo de un funcionario de la\ndependencia.<\/p>\n","protected":false},"excerpt":{"rendered":"<p>Evlin Arag\u00f3n\/Zona Roja. Oaxaca de Ju\u00e1rez, Oax., 23 de marzo de 2020.- Integrantes de la&hellip;<\/p>\n","protected":false},"author":2,"featured_media":10188,"comment_status":"closed","ping_status":"open","sticky":false,"template":"","format":"standard","meta":{"_lmt_disableupdate":"","_lmt_disable":"","_jetpack_memberships_contains_paid_content":false,"footnotes":""},"categories":[109,47],"tags":[1548],"class_list":["post-10187","post","type-post","status-publish","format-standard","has-post-thumbnail","hentry","category-minuto-a-minuto","category-zona-gris","tag-violencia-sexual-mujeres-mixes-oaxaca"],"jetpack_featured_media_url":"https:\/\/zonaroja.com.mx\/wp-content\/uploads\/2020\/03\/Ciberacoso.jpeg","jetpack_sharing_enabled":true,"_links":{"self":[{"href":"https:\/\/zonaroja.com.mx\/index.php?rest_route=\/wp\/v2\/posts\/10187","targetHints":{"allow":["GET"]}}],"collection":[{"href":"https:\/\/zonaroja.com.mx\/index.php?rest_route=\/wp\/v2\/posts"}],"about":[{"href":"https:\/\/zonaroja.com.mx\/index.php?rest_route=\/wp\/v2\/types\/post"}],"author":[{"embeddable":true,"href":"https:\/\/zonaroja.com.mx\/index.php?rest_route=\/wp\/v2\/users\/2"}],"replies":[{"embeddable":true,"href":"https:\/\/zonaroja.com.mx\/index.php?rest_route=%2Fwp%2Fv2%2Fcomments&post=10187"}],"version-history":[{"count":1,"href":"https:\/\/zonaroja.com.mx\/index.php?rest_route=\/wp\/v2\/posts\/10187\/revisions"}],"predecessor-version":[{"id":10189,"href":"https:\/\/zonaroja.com.mx\/index.php?rest_route=\/wp\/v2\/posts\/10187\/revisions\/10189"}],"wp:featuredmedia":[{"embeddable":true,"href":"https:\/\/zonaroja.com.mx\/index.php?rest_route=\/wp\/v2\/media\/10188"}],"wp:attachment":[{"href":"https:\/\/zonaroja.com.mx\/index.php?rest_route=%2Fwp%2Fv2%2Fmedia&parent=10187"}],"wp:term":[{"taxonomy":"category","embeddable":true,"href":"https:\/\/zonaroja.com.mx\/index.php?rest_route=%2Fwp%2Fv2%2Fcategories&post=10187"},{"taxonomy":"post_tag","embeddable":true,"href":"https:\/\/zonaroja.com.mx\/index.php?rest_route=%2Fwp%2Fv2%2Ftags&post=10187"}],"curies":[{"name":"wp","href":"https:\/\/api.w.org\/{rel}","templated":true}]}}