{"id":10190,"date":"2020-03-23T20:08:52","date_gmt":"2020-03-24T02:08:52","guid":{"rendered":"http:\/\/www.zonaroja.com.mx\/?p=10190"},"modified":"2020-03-23T20:08:52","modified_gmt":"2020-03-24T02:08:52","slug":"implementa-oaxaca-plan-de-respuesta-para-enfrentar-pandemia-de-coronaviru","status":"publish","type":"post","link":"https:\/\/zonaroja.com.mx\/?p=10190","title":{"rendered":"Implementa Oaxaca Plan de Respuesta para enfrentar pandemia de coronaviru"},"content":{"rendered":"\n<p>Redacci\u00f3n\/Zona Roja.<\/p>\n\n\n\n<p>Oaxaca de Ju\u00e1rez, Oax. 23 de marzo de\n2020.- El sector Salud en Oaxaca puso en operaci\u00f3n el Plan de Respuesta\nIntersectorial ante el avance del Covid-19 en el pa\u00eds.<\/p>\n\n\n\n<p>En un comunicado, inform\u00f3 que consiste\nen la reconversi\u00f3n hospitalaria para expandir la capacidad operacional y\ngarantizar atenci\u00f3n oportuna para las y los pacientes que requieran terapia con\nasistencia ventilatoria a causa de esta enfermedad.<\/p>\n\n\n\n<p>El secretario de Salud en la entidad,\nDonato Casas Escamilla, se\u00f1al\u00f3 que a pesar de que en Oaxaca la incidencia de\ncasos se mantiene sin transmisi\u00f3n local, es necesario reforzar las medidas para\nlograr la contenci\u00f3n del virus.<\/p>\n\n\n\n<p>Por lo que dijo, se dio la instrucci\u00f3n\nde robustecer el blindaje en las unidas m\u00e9dicas, con el fin de proteger a las y\nlos usuarios y al personal de la instituci\u00f3n, quienes estar\u00e1n al frente de la\natenci\u00f3n m\u00e9dica de esta pandemia.<\/p>\n\n\n\n<p>Puntualiz\u00f3 que, ante el escenario de la\npresencia de brotes en la entidad, el sector cuenta, en una primera respuesta\ncon 77 camas censables para la atenci\u00f3n de pacientes graves y no graves, de las\ncuales 20 est\u00e1n contempladas con ventilador para adulto y seis para infantes.<\/p>\n\n\n\n<p>El titular de los Servicios de Salud de\nOaxaca (SSO) destac\u00f3 que estas acciones se regionalizar\u00e1n previendo la\npresencia del virus en las seis Jurisdicciones Sanitarias con una red de 14\nnosocomios del Sector, los cuales estar\u00e1n a cargo de la atenci\u00f3n m\u00e9dica en la\nprimera etapa del Plan de Respuesta.<\/p>\n\n\n\n<p>Detall\u00f3 que la reconversi\u00f3n de\nhospitales se ir\u00e1 activando de manera paulatina, tanto en la capital como en\nlas regiones, con base al comportamiento epidemiol\u00f3gico de la enfermedad en el\nterritorio oaxaque\u00f1o.<\/p>\n\n\n\n<p>Ello implica &#8211;dijo&#8211; que como medida\nde prevenci\u00f3n de acuerdo a las necesidades de cada unidad: la suspensi\u00f3n\ntemporal y reprogramaci\u00f3n del servicio de consulta externa, cirug\u00edas no\nurgentes programadas, la redistribuci\u00f3n de servicios, el acotamiento de\natenciones no apremiantes como odontolog\u00eda y la disminuci\u00f3n de pruebas de\nlaboratorios que puedan aplazarse.<\/p>\n\n\n\n<p>Precis\u00f3 que este Plan ya fue activado\nen el nosocomio general \u201cDr. Aurelio Valdivieso\u201d, por ser el centro m\u00e9dico de\nmayor concentraci\u00f3n en la entidad, el cual de manera constante mantiene el 100%\nde ocupaci\u00f3n, por lo que fue necesaria la disminuci\u00f3n de consultas para dar\ninicio a la fase preparaci\u00f3n de contenci\u00f3n y atenci\u00f3n de posibles pacientes con\nCovid-19.<\/p>\n\n\n\n<p>Casas Escamilla explic\u00f3 que la red\nmetropolitana de unidades de primer y segundo nivel, atender\u00eda a pacientes\nobst\u00e9tricas de bajo riesgo, para evitar contagios y salvaguardar el bienestar\ndel binomio madre-hijo.<\/p>\n\n\n\n<p>Se\u00f1al\u00f3 que entre los lineamientos\nestablecidos, solo se permitir\u00e1 el ingreso a las unidades m\u00e9dicas al paciente y\nun familiar, para evitar aglomeraciones que pudieran retrasar la atenci\u00f3n y que\npongan en riesgo a los familiares.<\/p>\n\n\n\n<p>Finalmente, exhort\u00f3 a los oaxaque\u00f1os a\nmantenerse alerta, realizar las acciones de la Jornada Nacional de Sana\nDistancia como: evitar salir de casa si no es necesario, esto para prevenir\ncontagios y reducir la posibilidad de complicaciones de la enfermedad,\nprincipalmente en las personas adultas mayores y con padecimientos cr\u00f3nicos\ndegenerativos.<\/p>\n\n\n\n<p>Tambi\u00e9n, el lavado de manos de manera\nconstante, ante s\u00edntomas respiratorios usar cubre bocas, no compartir alimentos\nni utensilios y evitar la automedicaci\u00f3n.<\/p>\n","protected":false},"excerpt":{"rendered":"<p>Redacci\u00f3n\/Zona Roja. Oaxaca de Ju\u00e1rez, Oax. 23 de marzo de 2020.- El sector Salud en&hellip;<\/p>\n","protected":false},"author":2,"featured_media":10191,"comment_status":"closed","ping_status":"open","sticky":false,"template":"","format":"standard","meta":{"_lmt_disableupdate":"","_lmt_disable":"","_jetpack_memberships_contains_paid_content":false,"footnotes":""},"categories":[109,46],"tags":[1512,1005],"class_list":["post-10190","post","type-post","status-publish","format-standard","has-post-thumbnail","hentry","category-minuto-a-minuto","category-zona-blanca","tag-coronavirus-oaxaca","tag-servicios-de-salud-de-oaxaca-sso"],"jetpack_featured_media_url":"https:\/\/zonaroja.com.mx\/wp-content\/uploads\/2020\/03\/Prevenci\u00f3n-coronavirus.jpg","jetpack_sharing_enabled":true,"_links":{"self":[{"href":"https:\/\/zonaroja.com.mx\/index.php?rest_route=\/wp\/v2\/posts\/10190","targetHints":{"allow":["GET"]}}],"collection":[{"href":"https:\/\/zonaroja.com.mx\/index.php?rest_route=\/wp\/v2\/posts"}],"about":[{"href":"https:\/\/zonaroja.com.mx\/index.php?rest_route=\/wp\/v2\/types\/post"}],"author":[{"embeddable":true,"href":"https:\/\/zonaroja.com.mx\/index.php?rest_route=\/wp\/v2\/users\/2"}],"replies":[{"embeddable":true,"href":"https:\/\/zonaroja.com.mx\/index.php?rest_route=%2Fwp%2Fv2%2Fcomments&post=10190"}],"version-history":[{"count":1,"href":"https:\/\/zonaroja.com.mx\/index.php?rest_route=\/wp\/v2\/posts\/10190\/revisions"}],"predecessor-version":[{"id":10192,"href":"https:\/\/zonaroja.com.mx\/index.php?rest_route=\/wp\/v2\/posts\/10190\/revisions\/10192"}],"wp:featuredmedia":[{"embeddable":true,"href":"https:\/\/zonaroja.com.mx\/index.php?rest_route=\/wp\/v2\/media\/10191"}],"wp:attachment":[{"href":"https:\/\/zonaroja.com.mx\/index.php?rest_route=%2Fwp%2Fv2%2Fmedia&parent=10190"}],"wp:term":[{"taxonomy":"category","embeddable":true,"href":"https:\/\/zonaroja.com.mx\/index.php?rest_route=%2Fwp%2Fv2%2Fcategories&post=10190"},{"taxonomy":"post_tag","embeddable":true,"href":"https:\/\/zonaroja.com.mx\/index.php?rest_route=%2Fwp%2Fv2%2Ftags&post=10190"}],"curies":[{"name":"wp","href":"https:\/\/api.w.org\/{rel}","templated":true}]}}