{"id":10197,"date":"2020-03-23T21:00:39","date_gmt":"2020-03-24T03:00:39","guid":{"rendered":"http:\/\/www.zonaroja.com.mx\/?p=10197"},"modified":"2020-03-23T21:53:45","modified_gmt":"2020-03-24T03:53:45","slug":"joven-mujer-denuncia-intento-de-secuestro-e-inoperancia-de-la-fiscalia","status":"publish","type":"post","link":"https:\/\/zonaroja.com.mx\/?p=10197","title":{"rendered":"Joven mujer denuncia intento de secuestro e inoperancia de la Fiscal\u00eda"},"content":{"rendered":"\n<p>Evlin Arag\u00f3n\/Zona Roja.<\/p>\n\n\n\n<p>Oaxaca de Ju\u00e1rez, Oax., 23 de marzo de\n2020.- El miedo a ser una v\u00edctima m\u00e1s de la violencia de g\u00e9nero y feminicida,\nse apoder\u00f3 de una joven este fin semana, luego de una tentativa de secuestro,\nrobo y violencia de la que fue v\u00edctima por parte de un chofer de taxis\ncolectivos de la poblaci\u00f3n de \u00c1nimas Trujano.<\/p>\n\n\n\n<p>\u201cEsta publicaci\u00f3n la hago a nombre de\nmi amiga, porque tiene miedo de lo que pueda pasar, s\u00f3lo les pido compartan y\nas\u00ed este sujeto no tenga la paz que le ha quitado a ella\u201d, cita la publicaci\u00f3n\nen Facebook titulada \u201cPorque no amanec\u00ed muerta, no hay delito que perseguir\nseg\u00fan la Fiscal\u00eda\u201d.<\/p>\n\n\n\n<p>El relato argumenta la falta de acci\u00f3n\npor parte de una Fiscal\u00eda General del Estado de Oaxaca en la que no proceden\nlos ataques contra mujeres si no terminan en feminicidios, y cuando terminan en\nello no existe justicia, de acuerdo con las denunciantes.<\/p>\n\n\n\n<p>El hecho se registr\u00f3 la noche del\nviernes cuando una joven tom\u00f3 un taxi en la avenida S\u00edmbolos Patrios de la\nciudad de Oaxaca, del sitio \u201c\u00c1nimas Trujano\u201d, con n\u00famero econ\u00f3mico 03-914,\nplacas 71-93SJL, y le indic\u00f3 que le avisara cuando estuviera en la gasolinera\nde San Agust\u00edn de las Juntas.<\/p>\n\n\n\n<p>Cosa que no sucedi\u00f3 y por el contrario\nel veh\u00edculo se fue quedando vac\u00edo, conforme las y los pasajeros descend\u00edan, por\nlo que v\u00eda telef\u00f3nica pidi\u00f3 la ayuda de una amiga quien le dijo que pidiera al\nchofer la regresara.<\/p>\n\n\n\n<p>As\u00ed lo hizo y al momento de ubicar el\nlugar en el que ten\u00eda que bajarse, la joven procede a pagar el servicio, sin\nembargo, el chofer argument\u00f3 que se trataba del doble por la ida y vuelta.<\/p>\n\n\n\n<p>Mientras que busca el dinero para pagar,\ninicia el caos pues el hombre comienza a gritarle y arranca el veh\u00edculo en contra\nde la voluntad de la mujer, que marc\u00f3 por tel\u00e9fono nuevamente a su amiga para\navisarle que no sab\u00eda para donde la llevaban.<\/p>\n\n\n\n<p>Sin saber qu\u00e9 hacer decidi\u00f3 grabar con\nsu tel\u00e9fono para dejar evidencia de los hechos, sin embargo, el chofer al darse\ncuenta le arrebata el celular, lo avienta por la ventana y le grita que se baje\ndel auto a\u00fan en movimiento. Sin pensarlo demasiado, la joven lo iba a hacer,\npero un auto se interpuso en el camino del colectivo para impedir que pasara\notra cosa.<\/p>\n\n\n\n<p>Se trataba de la amiga de la joven, quien\nven\u00eda siguiendo las instrucciones para llegar al lugar que pidi\u00f3 al taxista que\nla dejara bajar y le advirti\u00f3 que llamar\u00eda a la polic\u00eda, por lo que el chofer\nse arranc\u00f3 golpeando el veh\u00edculo que ten\u00eda enfrente.<\/p>\n\n\n\n<p>Ambas j\u00f3venes tomaron los datos del\nveh\u00edculo y fueron a denunciar al municipio de Animas Trujano, al sur de la\ncapital, donde les informaron que al tratarse de tentativa de secuestr\u00f3\ntendr\u00edan que ir a la Fiscal\u00eda General.<\/p>\n\n\n\n<p>Por lo que r\u00e1pidamente se dirigieron a\nlas oficinas ubicadas en la calle de Arista en el Centro Hist\u00f3rico, en donde\ndespu\u00e9s de dos horas de rendir la declaraci\u00f3n, les hicieron saber que la\ndenuncia no proced\u00eda porque no hubo secuestro consumado, no hubo robo y tampoco\nviolaci\u00f3n o abuso sexual.<\/p>\n\n\n\n<p>\u201c\u00bfSe dan cuenta que tan jodida est\u00e1 la\njusticia en nuestro estado? \u00bfQu\u00e9 hubiera pasado, si no hubiera llegado mi\namiga? \u00bfD\u00f3nde estar\u00eda yo ahora? En una bolsa, tirada en alg\u00fan terreno bald\u00edo\ndespu\u00e9s de haber sido violada o torturada\u201d, son las preguntas que se hace la\nv\u00edctima despu\u00e9s del ataque del que fue v\u00edctima y el miedo que la invadi\u00f3.<\/p>\n\n\n\n<p>Las j\u00f3venes lamentan que no existan\nleyes que&nbsp; las protejan, que necesiten un\ndelito grave &#8211;feminicidio, desaparici\u00f3n o violaci\u00f3n&#8211; para hacer algo y ni as\u00ed\nlo hacen.<\/p>\n\n\n\n<p>Prueba de ello los \u00edndices de impunidad\nen torno a los feminicidios en la entidad oaxaque\u00f1a, adem\u00e1s la simulaci\u00f3n por\nparte de las autoridades que aunque toman la denuncia despu\u00e9s argumentan no\npueden hacer nada.<\/p>\n\n\n\n<p>\u201cLo que m\u00e1s coraje da es que uno hace\nsu parte, denunciando y haciendo todo el circo burocr\u00e1tico que te piden,\nrepitiendo infinidad de veces lo que te sucedi\u00f3, para que s\u00f3lo te digan que no\nhay raz\u00f3n para siquiera investigar el tema\u201d, refieren.<\/p>\n\n\n\n<p>De igual forma la denunciante asegur\u00f3\nque lamentablemente los casos tienen que hacer \u201cruido\u201d en las redes sociales\npara ser considerado por las autoridades; responsabiliz\u00f3 a la Fiscal\u00eda General\ndel Estado de cualquier cosa que pueda ocurrirle y asegur\u00f3 que interpondr\u00e1 su\ndenuncia ante la Secretaria de Movilidad y la Defensor\u00eda de los Derechos\nHumanos del Pueblo de Oaxaca, a fin de que existan sanciones para el\nresponsable y ninguna otra mujer sea v\u00edctima de un acto similar.<\/p>\n\n\n\n<p>\u201cBasta de tanta impunidad y desinter\u00e9s\npor parte de las autoridades. Y en verdad les deseo que nunca les pase, porque,\naunque estoy viva, tengo miedo\u201d, concluye.<\/p>\n","protected":false},"excerpt":{"rendered":"<p>Evlin Arag\u00f3n\/Zona Roja. Oaxaca de Ju\u00e1rez, Oax., 23 de marzo de 2020.- El miedo a&hellip;<\/p>\n","protected":false},"author":2,"featured_media":10198,"comment_status":"closed","ping_status":"open","sticky":false,"template":"","format":"standard","meta":{"_lmt_disableupdate":"","_lmt_disable":"","_jetpack_memberships_contains_paid_content":false,"footnotes":""},"categories":[109,51],"tags":[1549],"class_list":["post-10197","post","type-post","status-publish","format-standard","has-post-thumbnail","hentry","category-minuto-a-minuto","category-zona-roja","tag-violencia-mujeres-taxi-oaxaca"],"jetpack_featured_media_url":"https:\/\/zonaroja.com.mx\/wp-content\/uploads\/2020\/03\/Violencia-taxi.jpg","jetpack_sharing_enabled":true,"_links":{"self":[{"href":"https:\/\/zonaroja.com.mx\/index.php?rest_route=\/wp\/v2\/posts\/10197","targetHints":{"allow":["GET"]}}],"collection":[{"href":"https:\/\/zonaroja.com.mx\/index.php?rest_route=\/wp\/v2\/posts"}],"about":[{"href":"https:\/\/zonaroja.com.mx\/index.php?rest_route=\/wp\/v2\/types\/post"}],"author":[{"embeddable":true,"href":"https:\/\/zonaroja.com.mx\/index.php?rest_route=\/wp\/v2\/users\/2"}],"replies":[{"embeddable":true,"href":"https:\/\/zonaroja.com.mx\/index.php?rest_route=%2Fwp%2Fv2%2Fcomments&post=10197"}],"version-history":[{"count":1,"href":"https:\/\/zonaroja.com.mx\/index.php?rest_route=\/wp\/v2\/posts\/10197\/revisions"}],"predecessor-version":[{"id":10199,"href":"https:\/\/zonaroja.com.mx\/index.php?rest_route=\/wp\/v2\/posts\/10197\/revisions\/10199"}],"wp:featuredmedia":[{"embeddable":true,"href":"https:\/\/zonaroja.com.mx\/index.php?rest_route=\/wp\/v2\/media\/10198"}],"wp:attachment":[{"href":"https:\/\/zonaroja.com.mx\/index.php?rest_route=%2Fwp%2Fv2%2Fmedia&parent=10197"}],"wp:term":[{"taxonomy":"category","embeddable":true,"href":"https:\/\/zonaroja.com.mx\/index.php?rest_route=%2Fwp%2Fv2%2Fcategories&post=10197"},{"taxonomy":"post_tag","embeddable":true,"href":"https:\/\/zonaroja.com.mx\/index.php?rest_route=%2Fwp%2Fv2%2Ftags&post=10197"}],"curies":[{"name":"wp","href":"https:\/\/api.w.org\/{rel}","templated":true}]}}