{"id":10201,"date":"2020-03-23T22:02:45","date_gmt":"2020-03-24T04:02:45","guid":{"rendered":"http:\/\/www.zonaroja.com.mx\/?p=10201"},"modified":"2020-03-23T22:02:50","modified_gmt":"2020-03-24T04:02:50","slug":"suma-oaxaca-cuatro-casos-positivos-de-coronavirus-a-nivel-nacional-van-367","status":"publish","type":"post","link":"https:\/\/zonaroja.com.mx\/?p=10201","title":{"rendered":"Suma Oaxaca cuatro casos positivos de coronavirus; a nivel nacional van 367"},"content":{"rendered":"\n<p>Redacci\u00f3n\/Zona Roja.<\/p>\n\n\n\n<p>Oaxaca de Ju\u00e1rez, Oax. 23 de marzo de\n2020.- Mientras que a nivel nacional se confirm\u00f3 la existencia de 367 personas\ncon coronavirus y cuatro decesos por esa causa, en Oaxaca se registran cuatro\ncasos confirmados de pacientes con dicha enfermedad.<\/p>\n\n\n\n<p>En la entidad, la dependencia Servicios\nde Salud de Oaxaca inform\u00f3 a trav\u00e9s de un comunicado que al corte\nepidemiol\u00f3gico del d\u00eda 23 de marzo del presente a\u00f1o, se confirm\u00f3 un nuevo caso\nde Covid-19, registrando un total de cuatro pacientes, quienes presentan una\nevoluci\u00f3n cl\u00ednica estable.<\/p>\n\n\n\n<p>Aclar\u00f3 que el cuarto caso se notific\u00f3 en\nla regi\u00f3n de Valles Centrales y se trata de una mujer de 34 a\u00f1os de edad que\nviajo a diversos pa\u00edses de Europa, por lo que actualmente en Oaxaca no se han\nreportado casos de transmisi\u00f3n local comunitaria.<\/p>\n\n\n\n<p>Indic\u00f3 que la paciente se encuentra\naislada en su domicilio bajo los protocolos establecidos, su situaci\u00f3n es\nestable y se mantiene en monitoreo m\u00e9dico por parte de los Servicios de Salud\nde Oaxaca (SSO), para vigilar su evoluci\u00f3n.<\/p>\n\n\n\n<p>Se dar\u00e1 seguimiento por 14 d\u00edas tal\ncomo lo indica los lineamientos marcados por la Secretar\u00eda de Salud Federal,\nuna vez que la evoluci\u00f3n sea favorable, se valorar\u00e1 la finalizaci\u00f3n del\naislamiento.<\/p>\n\n\n\n<p>Ante lo cual, hizo un llamado a los\noaxaque\u00f1os a no alarmarse y a reforzar las medidas b\u00e1sicas de la Jornada\nNacional de Sana Distancia como: evitar el contacto f\u00edsico y mantenerse al\nmenos a una distancia de un metro y medio de otras personas, especialmente de\naquellas que muestren s\u00edntomas de enfermedad respiratoria, as\u00ed como lavarse las\nmanos con agua y jab\u00f3n frecuentemente, ya que dijo, estas medidas coadyuvar\u00e1n a\ndisminuir la incidencia de contagios.<\/p>\n\n\n\n<p>EN EL PA\u00cdS<\/p>\n\n\n\n<p>Mientras que a nivel nacional, la\nSecretar\u00eda de Salud federal expuso que el Covid-19 alcanz\u00f3 a 367 personas, 51\nm\u00e1s respecto a las 316 del pasado domingo. <\/p>\n\n\n\n<p>Se sumaron dos fallecimientos para\nllegar a cuatro, de dos personas que viv\u00edan en Jalisco y Ciudad de M\u00e9xico,\ninform\u00f3.<\/p>\n\n\n\n<p>Expuso que como es previsible en la\npandemia por el nuevo coronavirus, los individuos que perdieron la vida ten\u00edan\nenfermedades prexistentes. <\/p>\n\n\n\n<p>El paciente de Jalisco, era un hombre\nde 55 a\u00f1os de edad que viv\u00eda con diabetes y obesidad, mientras que el paciente\nen la capital del pa\u00eds, un hombre de 71 a\u00f1os ten\u00eda diabetes e insuficiencia\nrenal.<\/p>\n\n\n\n<p>El reporte incluy\u00f3 por primera vez, el\ndesglose de tipos de casos. De los 367 confirmados, 292 (80 por ciento) son\nimportados, es decir personas que estuvieron en pa\u00edses con transmisi\u00f3n\ncomunitaria del coronavirus; 70 (19 por ciento) son casos asociados a la\nimportaci\u00f3n, mientras que en cinco (1 por ciento) no se identific\u00f3 antecedentes\nde d\u00f3nde se contagiaron.<\/p>\n","protected":false},"excerpt":{"rendered":"<p>Redacci\u00f3n\/Zona Roja. Oaxaca de Ju\u00e1rez, Oax. 23 de marzo de 2020.- Mientras que a nivel&hellip;<\/p>\n","protected":false},"author":2,"featured_media":10202,"comment_status":"closed","ping_status":"open","sticky":false,"template":"","format":"standard","meta":{"_lmt_disableupdate":"","_lmt_disable":"","_jetpack_memberships_contains_paid_content":false,"footnotes":""},"categories":[109,47],"tags":[1512,1005],"class_list":["post-10201","post","type-post","status-publish","format-standard","has-post-thumbnail","hentry","category-minuto-a-minuto","category-zona-gris","tag-coronavirus-oaxaca","tag-servicios-de-salud-de-oaxaca-sso"],"jetpack_featured_media_url":"https:\/\/zonaroja.com.mx\/wp-content\/uploads\/2020\/03\/Coronavirus-Oaxaca-23mar.jpg","jetpack_sharing_enabled":true,"_links":{"self":[{"href":"https:\/\/zonaroja.com.mx\/index.php?rest_route=\/wp\/v2\/posts\/10201","targetHints":{"allow":["GET"]}}],"collection":[{"href":"https:\/\/zonaroja.com.mx\/index.php?rest_route=\/wp\/v2\/posts"}],"about":[{"href":"https:\/\/zonaroja.com.mx\/index.php?rest_route=\/wp\/v2\/types\/post"}],"author":[{"embeddable":true,"href":"https:\/\/zonaroja.com.mx\/index.php?rest_route=\/wp\/v2\/users\/2"}],"replies":[{"embeddable":true,"href":"https:\/\/zonaroja.com.mx\/index.php?rest_route=%2Fwp%2Fv2%2Fcomments&post=10201"}],"version-history":[{"count":1,"href":"https:\/\/zonaroja.com.mx\/index.php?rest_route=\/wp\/v2\/posts\/10201\/revisions"}],"predecessor-version":[{"id":10203,"href":"https:\/\/zonaroja.com.mx\/index.php?rest_route=\/wp\/v2\/posts\/10201\/revisions\/10203"}],"wp:featuredmedia":[{"embeddable":true,"href":"https:\/\/zonaroja.com.mx\/index.php?rest_route=\/wp\/v2\/media\/10202"}],"wp:attachment":[{"href":"https:\/\/zonaroja.com.mx\/index.php?rest_route=%2Fwp%2Fv2%2Fmedia&parent=10201"}],"wp:term":[{"taxonomy":"category","embeddable":true,"href":"https:\/\/zonaroja.com.mx\/index.php?rest_route=%2Fwp%2Fv2%2Fcategories&post=10201"},{"taxonomy":"post_tag","embeddable":true,"href":"https:\/\/zonaroja.com.mx\/index.php?rest_route=%2Fwp%2Fv2%2Ftags&post=10201"}],"curies":[{"name":"wp","href":"https:\/\/api.w.org\/{rel}","templated":true}]}}