{"id":10207,"date":"2020-03-24T07:31:01","date_gmt":"2020-03-24T13:31:01","guid":{"rendered":"http:\/\/www.zonaroja.com.mx\/?p=10207"},"modified":"2020-03-24T07:34:23","modified_gmt":"2020-03-24T13:34:23","slug":"ejecutan-a-taxista-en-oaxaca-la-madrugada-de-este-martes","status":"publish","type":"post","link":"https:\/\/zonaroja.com.mx\/?p=10207","title":{"rendered":"Ejecutan a taxista en Oaxaca, la madrugada de este martes"},"content":{"rendered":"\n<p>Redacci\u00f3n\/Zona Roja.<\/p>\n\n\n\n<p>Oaxaca de Ju\u00e1rez, Oax., 24 de marzo de\n2020.- Presuntamente por ajustes de cuentas entre gremios de transportistas, un\ntaxista for\u00e1neo fue ejecutado a balazos en los primeros minutos de este martes\nen la zona conurbada de la ciudad de Oaxaca.<\/p>\n\n\n\n<p>De acuerdo con los primeros informes, el crimen se perpetr\u00f3 en la supercarretera Oaxaca-Istmo, tramo libramiento de Santa Mar\u00eda El Tule, a unos metros de una gasoliner\u00eda.<\/p>\n\n\n\n<figure class=\"wp-block-embed-twitter wp-block-embed is-type-rich is-provider-twitter\"><div class=\"wp-block-embed__wrapper\">\n<div class=\"twitter-tweet\"><blockquote class=\"twitter-tweet\" data-lang=\"es\"><p lang=\"es\" dir=\"ltr\"><a href=\"https:\/\/twitter.com\/hashtag\/OaxacaRojo?src=hash&amp;ref_src=twsrc%5Etfw\">#OaxacaRojo<\/a><br>En los primeros minutos de este martes, en la supercarretera Oaxaca-Istmo, tramo del libramiento a Santa Mar\u00eda El Tule. fue ejecutado a balazos un taxista del sitio \u201cQuetzaltepec\u201d, de San Miguel Quetzaltepec Mixe, con el n\u00famero econ\u00f3mico 19853. <a href=\"https:\/\/t.co\/OCq9yne00e\">pic.twitter.com\/OCq9yne00e<\/a><\/p>&mdash; Zona Roja Oaxaca (@MexRoja) <a href=\"https:\/\/twitter.com\/MexRoja\/status\/1242427053942681600?ref_src=twsrc%5Etfw\">24 de marzo de 2020<\/a><\/blockquote><\/div>\n<\/div><\/figure>\n\n\n\n<p>En el lugar se hall\u00f3 el taxi colectivo\ndel sitio \u201cQuetzaltepec Mixe\u201d, con n\u00famero econ\u00f3mico 19-853, de San Miguel\nQuetzaltepec Mixe, comunidad de la regi\u00f3n Sierra Ju\u00e1rez.<\/p>\n\n\n\n<p>De manera preliminar, la v\u00edctima fue\nidentificada como Carlos F. V., quien presentaba varios disparos de arma de\nfuego en el cuerpo. Al momento se desconoce el o los autores del crimen.<\/p>\n","protected":false},"excerpt":{"rendered":"<p>Redacci\u00f3n\/Zona Roja. Oaxaca de Ju\u00e1rez, Oax., 24 de marzo de 2020.- Presuntamente por ajustes de&hellip;<\/p>\n","protected":false},"author":2,"featured_media":10208,"comment_status":"closed","ping_status":"open","sticky":false,"template":"","format":"standard","meta":{"_lmt_disableupdate":"","_lmt_disable":"","_jetpack_memberships_contains_paid_content":false,"footnotes":""},"categories":[109,51],"tags":[1551],"class_list":["post-10207","post","type-post","status-publish","format-standard","has-post-thumbnail","hentry","category-minuto-a-minuto","category-zona-roja","tag-taxista-quetzaltepec-ejecutado"],"jetpack_featured_media_url":"https:\/\/zonaroja.com.mx\/wp-content\/uploads\/2020\/03\/Taxista-Quetzaltepec-ejecutado.jpg","jetpack_sharing_enabled":true,"_links":{"self":[{"href":"https:\/\/zonaroja.com.mx\/index.php?rest_route=\/wp\/v2\/posts\/10207","targetHints":{"allow":["GET"]}}],"collection":[{"href":"https:\/\/zonaroja.com.mx\/index.php?rest_route=\/wp\/v2\/posts"}],"about":[{"href":"https:\/\/zonaroja.com.mx\/index.php?rest_route=\/wp\/v2\/types\/post"}],"author":[{"embeddable":true,"href":"https:\/\/zonaroja.com.mx\/index.php?rest_route=\/wp\/v2\/users\/2"}],"replies":[{"embeddable":true,"href":"https:\/\/zonaroja.com.mx\/index.php?rest_route=%2Fwp%2Fv2%2Fcomments&post=10207"}],"version-history":[{"count":2,"href":"https:\/\/zonaroja.com.mx\/index.php?rest_route=\/wp\/v2\/posts\/10207\/revisions"}],"predecessor-version":[{"id":10210,"href":"https:\/\/zonaroja.com.mx\/index.php?rest_route=\/wp\/v2\/posts\/10207\/revisions\/10210"}],"wp:featuredmedia":[{"embeddable":true,"href":"https:\/\/zonaroja.com.mx\/index.php?rest_route=\/wp\/v2\/media\/10208"}],"wp:attachment":[{"href":"https:\/\/zonaroja.com.mx\/index.php?rest_route=%2Fwp%2Fv2%2Fmedia&parent=10207"}],"wp:term":[{"taxonomy":"category","embeddable":true,"href":"https:\/\/zonaroja.com.mx\/index.php?rest_route=%2Fwp%2Fv2%2Fcategories&post=10207"},{"taxonomy":"post_tag","embeddable":true,"href":"https:\/\/zonaroja.com.mx\/index.php?rest_route=%2Fwp%2Fv2%2Ftags&post=10207"}],"curies":[{"name":"wp","href":"https:\/\/api.w.org\/{rel}","templated":true}]}}