{"id":10213,"date":"2020-03-24T09:42:02","date_gmt":"2020-03-24T15:42:02","guid":{"rendered":"http:\/\/www.zonaroja.com.mx\/?p=10213"},"modified":"2020-03-24T09:42:15","modified_gmt":"2020-03-24T15:42:15","slug":"mientras-policia-de-oaxaca-capital-atiende-coronavirus-sigue-violencia-armada","status":"publish","type":"post","link":"https:\/\/zonaroja.com.mx\/?p=10213","title":{"rendered":"Mientras polic\u00eda de Oaxaca capital atiende coronavirus, sigue violencia armada"},"content":{"rendered":"\n<p>Redacci\u00f3n\/Zona Roja.<\/p>\n\n\n\n<p>Oaxaca de Ju\u00e1rez, Oax., 24 de marzo de\n2020.- Mientras el ayuntamiento de Oaxaca de Ju\u00e1rez determin\u00f3 distraer polic\u00edas\ny unidades de motor para ahuyentar a la gente de las calles por el coronavirus,\nlos hechos de violencia no cesan.<\/p>\n\n\n\n<p>La madrugada de ayer, en una taquer\u00eda\nubicada en la calzada H\u00e9roes de Chapultepec, frente a la terminal de autobuses\nde primera clase ADO, dos ex jugadores del equipo de f\u00fatbol \u201cAlebrijes\u201d fueron\natacados a balazos y trasladados a la Cruz Roja, donde fueron dados de alta dos\nhoras despu\u00e9s.<\/p>\n\n\n\n<p>Seg\u00fan reportes policiacos, el hecho ocurri\u00f3 a las 02:00 horas, cuando el portero, Alejando V.G., acompa\u00f1ado de Jorge R.A. y Edgar A., junto con tres damas arribaron para cenar al lugar mencionado.<\/p>\n\n\n\n<figure class=\"wp-block-embed-twitter wp-block-embed is-type-rich is-provider-twitter\"><div class=\"wp-block-embed__wrapper\">\n<div class=\"twitter-tweet\"><blockquote class=\"twitter-tweet\" data-lang=\"es\"><p lang=\"es\" dir=\"ltr\"><a href=\"https:\/\/twitter.com\/hashtag\/OaxacaRojo?src=hash&amp;ref_src=twsrc%5Etfw\">#OaxacaRojo<\/a><br>In\u00e9dita inseguridad en la ciudad de Oaxaca, ante la nula vigilancia de <a href=\"https:\/\/twitter.com\/MunicipioSeguro?ref_src=twsrc%5Etfw\">@MunicipioSeguro<\/a>; ahora video del ataque armado a un grupo de deportistas, ocurrido la madrugada de este lunes en una taquer\u00eda, calzada H\u00e9roes de Chapultepec, frente a la terminal de autobuses ADO. <a href=\"https:\/\/t.co\/FLAwrNhcyU\">pic.twitter.com\/FLAwrNhcyU<\/a><\/p>&mdash; Zona Roja Oaxaca (@MexRoja) <a href=\"https:\/\/twitter.com\/MexRoja\/status\/1242305677504241664?ref_src=twsrc%5Etfw\">24 de marzo de 2020<\/a><\/blockquote><\/div>\n<\/div><\/figure>\n\n\n\n<p>Al mismo sitio llegaron dos personas en\ndos unidades de motor de color rojo, un autom\u00f3vil y una camioneta, uno de ellos\nde playera negra y otro de playera roja con gorra del mismo color. Uno de los\nsujetos invit\u00f3 una cerveza a una de las damas que acompa\u00f1aban a los\nfutbolistas.<\/p>\n\n\n\n<p>La joven acept\u00f3 la cerveza y por lo\ncual uno de los jugadores de f\u00fatbol se molest\u00f3 y empezaron la discusi\u00f3n.<\/p>\n\n\n\n<p>La unidad de motor en la cual iban los\njugadores fue destrozada con una silla, adem\u00e1s baleado, as\u00ed como Jorge R.A. y Alejandro\nV.G., quien ahora milita en un club del grupo MRCI Oaxaca.<\/p>\n\n\n\n<p>En un video difundido en las redes\nsociales se observa al sujeto que con la pistola ataca a los futbolistas y al\n\u00faltimo al portero, para enseguida darse a la fuga. Los agresores presuntamente\nser\u00ecan los hermanos Luis Villaseca, pr\u00f3fugos de la justicia y supuestamente \u00f1uscados\npor la Fiscal\u00eda General del Estado.<\/p>\n\n\n\n<p>Los param\u00e9dicos de la Cruz Roja\nauxiliaron a los futbolistas y los trasladaron al hospital, donde fueron dados\nde alta m\u00e1s tarde. <\/p>\n","protected":false},"excerpt":{"rendered":"<p>Redacci\u00f3n\/Zona Roja. Oaxaca de Ju\u00e1rez, Oax., 24 de marzo de 2020.- Mientras el ayuntamiento de&hellip;<\/p>\n","protected":false},"author":2,"featured_media":10214,"comment_status":"closed","ping_status":"open","sticky":false,"template":"","format":"standard","meta":{"_lmt_disableupdate":"","_lmt_disable":"","_jetpack_memberships_contains_paid_content":false,"footnotes":""},"categories":[109,51],"tags":[1552],"class_list":["post-10213","post","type-post","status-publish","format-standard","has-post-thumbnail","hentry","category-minuto-a-minuto","category-zona-roja","tag-atacan-a-balazos-a-futbolistas-oaxaca"],"jetpack_featured_media_url":"https:\/\/zonaroja.com.mx\/wp-content\/uploads\/2020\/03\/Baleados-futbolistas.jpg","jetpack_sharing_enabled":true,"_links":{"self":[{"href":"https:\/\/zonaroja.com.mx\/index.php?rest_route=\/wp\/v2\/posts\/10213","targetHints":{"allow":["GET"]}}],"collection":[{"href":"https:\/\/zonaroja.com.mx\/index.php?rest_route=\/wp\/v2\/posts"}],"about":[{"href":"https:\/\/zonaroja.com.mx\/index.php?rest_route=\/wp\/v2\/types\/post"}],"author":[{"embeddable":true,"href":"https:\/\/zonaroja.com.mx\/index.php?rest_route=\/wp\/v2\/users\/2"}],"replies":[{"embeddable":true,"href":"https:\/\/zonaroja.com.mx\/index.php?rest_route=%2Fwp%2Fv2%2Fcomments&post=10213"}],"version-history":[{"count":1,"href":"https:\/\/zonaroja.com.mx\/index.php?rest_route=\/wp\/v2\/posts\/10213\/revisions"}],"predecessor-version":[{"id":10215,"href":"https:\/\/zonaroja.com.mx\/index.php?rest_route=\/wp\/v2\/posts\/10213\/revisions\/10215"}],"wp:featuredmedia":[{"embeddable":true,"href":"https:\/\/zonaroja.com.mx\/index.php?rest_route=\/wp\/v2\/media\/10214"}],"wp:attachment":[{"href":"https:\/\/zonaroja.com.mx\/index.php?rest_route=%2Fwp%2Fv2%2Fmedia&parent=10213"}],"wp:term":[{"taxonomy":"category","embeddable":true,"href":"https:\/\/zonaroja.com.mx\/index.php?rest_route=%2Fwp%2Fv2%2Fcategories&post=10213"},{"taxonomy":"post_tag","embeddable":true,"href":"https:\/\/zonaroja.com.mx\/index.php?rest_route=%2Fwp%2Fv2%2Ftags&post=10213"}],"curies":[{"name":"wp","href":"https:\/\/api.w.org\/{rel}","templated":true}]}}