{"id":10216,"date":"2020-03-24T10:44:21","date_gmt":"2020-03-24T16:44:21","guid":{"rendered":"http:\/\/www.zonaroja.com.mx\/?p=10216"},"modified":"2020-03-24T10:44:24","modified_gmt":"2020-03-24T16:44:24","slug":"reitera-poder-judicial-su-compromiso-con-los-derechos-de-la-ninez","status":"publish","type":"post","link":"https:\/\/zonaroja.com.mx\/?p=10216","title":{"rendered":"Reitera Poder Judicial su compromiso con los derechos de la ni\u00f1ez"},"content":{"rendered":"\n<p>Redacci\u00f3n\/Zona Roja.<\/p>\n\n\n\n<p>Oaxaca de Ju\u00e1rez, Oax., 24 de marzo de\n2020.- Los derechos humanos de ni\u00f1as, ni\u00f1os y adolescentes, previstos en la\nConstituci\u00f3n Pol\u00edtica de los Estados Unidos Mexicanos, en los tratados\ninternacionales y en las dem\u00e1s leyes aplicables en M\u00e9xico, fundamentan la labor\ndel Poder Judicial del Estado, para la salvaguarda de las y los menores de edad\nen los procedimientos judiciales.<\/p>\n\n\n\n<p>Por ello, para dar cumplimiento a la\ncircular PJEO\/CJ\/SE\/13\/2020 y a las instrucciones del titular de este poder, Eduardo\nPinacho S\u00e1nchez, durante el periodo de suspensi\u00f3n de actividades\njurisdiccionales y administrativas -por recomendaciones sanitarias-, para los\nasuntos de extrema urgencia, tr\u00e1mite de pago de pensiones alimenticias y recuperaci\u00f3n\nde menores, entre otros, las y los jueces colocaron avisos en las puertas de\nlos juzgados con sus nombres y n\u00fameros de celular, a fin de ser localizados y\ndar atenci\u00f3n a tales casos.<\/p>\n\n\n\n<p>En un comunicado, la instituci\u00f3n\nresponsable de administrar justicia expuso que tiene la firme encomienda de\nvelar por el respeto al Inter\u00e9s Superior de la Ni\u00f1ez y de cumplir los\nmecanismos y protocolos con el objetivo de brindarles una atenci\u00f3n adecuada\ndurante los procedimientos judiciales en los que se encuentren involucrados.<\/p>\n\n\n\n<p>El derecho a los alimentos es\nfundamental del ser humano y de los ni\u00f1os, reconocido en los Instrumentos\nInternacionales como: la Declaraci\u00f3n Universal de los Derechos Humanos, el\nPacto Internacional Sobre Derechos Econ\u00f3micos, Sociales y Culturales, la\nConvenci\u00f3n Sobre los Derechos del Ni\u00f1o, la Convenci\u00f3n Sobre la Obtenci\u00f3n de\nAlimentos en el Extranjero y la Convenci\u00f3n Interamericana sobre Obligaciones\nAlimentarias.<\/p>\n\n\n\n<p>Consiste en la provisi\u00f3n del vestido,\nhabitaci\u00f3n, educaci\u00f3n y asistencia m\u00e9dica en caso de enfermedad y es fijada por\nconvenio o sentencia atendiendo a la posibilidad del que tiene la obligaci\u00f3n de\ndarlos y la necesidad de quien deba recibirlos.<\/p>\n\n\n\n<p>Otros de los derechos de la infancia\nson: el Derecho a la vida, su supervivencia, dignidad y la garant\u00eda de su desarrollo\nintegral; el Derecho de Prioridad, considerando para tal efecto, su inter\u00e9s\nsuperior; el Derecho a la identidad, como contar con nombre y apellidos, y ser\ninscritos en el Registro Civil de forma inmediata.<\/p>\n\n\n\n<p>Asimismo, el Derecho a vivir en\nfamilia, no ser separados de ella por falta de recursos para su subsistencia ni\nser separados de las personas que los tengan bajo su guardia y custodia, sino\npor orden de autoridad competente y mediante un debido proceso en el que haya\nsido tomada en cuenta su opini\u00f3n y su inter\u00e9s superior.<\/p>\n","protected":false},"excerpt":{"rendered":"<p>Redacci\u00f3n\/Zona Roja. Oaxaca de Ju\u00e1rez, Oax., 24 de marzo de 2020.- Los derechos humanos de&hellip;<\/p>\n","protected":false},"author":2,"featured_media":10217,"comment_status":"closed","ping_status":"open","sticky":false,"template":"","format":"standard","meta":{"_lmt_disableupdate":"","_lmt_disable":"","_jetpack_memberships_contains_paid_content":false,"footnotes":""},"categories":[109,46],"tags":[223],"class_list":["post-10216","post","type-post","status-publish","format-standard","has-post-thumbnail","hentry","category-minuto-a-minuto","category-zona-blanca","tag-poder-judicial-de-oaxaca"],"jetpack_featured_media_url":"https:\/\/zonaroja.com.mx\/wp-content\/uploads\/2020\/03\/JUZGADO.jpg","jetpack_sharing_enabled":true,"_links":{"self":[{"href":"https:\/\/zonaroja.com.mx\/index.php?rest_route=\/wp\/v2\/posts\/10216","targetHints":{"allow":["GET"]}}],"collection":[{"href":"https:\/\/zonaroja.com.mx\/index.php?rest_route=\/wp\/v2\/posts"}],"about":[{"href":"https:\/\/zonaroja.com.mx\/index.php?rest_route=\/wp\/v2\/types\/post"}],"author":[{"embeddable":true,"href":"https:\/\/zonaroja.com.mx\/index.php?rest_route=\/wp\/v2\/users\/2"}],"replies":[{"embeddable":true,"href":"https:\/\/zonaroja.com.mx\/index.php?rest_route=%2Fwp%2Fv2%2Fcomments&post=10216"}],"version-history":[{"count":1,"href":"https:\/\/zonaroja.com.mx\/index.php?rest_route=\/wp\/v2\/posts\/10216\/revisions"}],"predecessor-version":[{"id":10218,"href":"https:\/\/zonaroja.com.mx\/index.php?rest_route=\/wp\/v2\/posts\/10216\/revisions\/10218"}],"wp:featuredmedia":[{"embeddable":true,"href":"https:\/\/zonaroja.com.mx\/index.php?rest_route=\/wp\/v2\/media\/10217"}],"wp:attachment":[{"href":"https:\/\/zonaroja.com.mx\/index.php?rest_route=%2Fwp%2Fv2%2Fmedia&parent=10216"}],"wp:term":[{"taxonomy":"category","embeddable":true,"href":"https:\/\/zonaroja.com.mx\/index.php?rest_route=%2Fwp%2Fv2%2Fcategories&post=10216"},{"taxonomy":"post_tag","embeddable":true,"href":"https:\/\/zonaroja.com.mx\/index.php?rest_route=%2Fwp%2Fv2%2Ftags&post=10216"}],"curies":[{"name":"wp","href":"https:\/\/api.w.org\/{rel}","templated":true}]}}