{"id":10225,"date":"2020-03-24T11:03:08","date_gmt":"2020-03-24T17:03:08","guid":{"rendered":"http:\/\/www.zonaroja.com.mx\/?p=10225"},"modified":"2020-03-24T11:03:15","modified_gmt":"2020-03-24T17:03:15","slug":"ayutla-suplica-por-agua-ante-emergencia-por-covid-19-gobierno-omiso","status":"publish","type":"post","link":"https:\/\/zonaroja.com.mx\/?p=10225","title":{"rendered":"Ayutla suplica por agua ante emergencia por Covid-19; gobierno omiso"},"content":{"rendered":"\n<p>Yuridiana Sosa\/Zona Roja.<\/p>\n\n\n\n<p>Oaxaca de Ju\u00e1rez, Oax., 24 de marzo de\n2020.- Frente al estado de vulnerabilidad en que se encuentra la poblaci\u00f3n de\nSan Pedro y San Pablo Ayutla Mixe por la pandemia mundial del Covid-19, las\nautoridades municipales demandaron a los Servicios de Salud de Oaxaca su\nintervenci\u00f3n para la reconexi\u00f3n del vital l\u00edquido.<\/p>\n\n\n\n<p>Desde hace mil 18 d\u00edas, la comunidad\nsufre sin este suministro suspendido por la comunidad vecina de Tamazul\u00e1pam del\nEsp\u00edritu Santo, tiempo en que las infecciones estomacales, en la piel y otros\nproblemas de salud presentan un aumentando.<\/p>\n\n\n\n<p>\u201cLe suplicamos sea portavoz de la\nemergencia en la que nos encontramos y le solicitamos tome las medidas de\natenci\u00f3n a nuestro caso pues estamos expuestos a sufrir contingencias de\npropagaci\u00f3n de enfermedades\u201d, expusieron el presidente municipal, Antonio\nMart\u00ednez y la regidora de salud, M\u00f3nica Guzm\u00e1n, de Ayutla al secretario de\nSalud de Oaxaca, Donato Casas Escamilla.<\/p>\n\n\n\n<p>A trav\u00e9s de un oficio, entregado el\npasado 18 de marzo, las autoridades mixes recalcaron el estado vulnerable que\nvive la poblaci\u00f3n, por lo que es necesario contar con agua potable para la\nhigiene personal b\u00e1sica.<\/p>\n\n\n\n<p>Son dos mil 200 habitantes que sufren\nde esta situaci\u00f3n, en la que los ni\u00f1os y los adultos mayores sufren en mayor\nmedida las consecuencias.<\/p>\n\n\n\n<p>San Pedro y San Pablo Ayutla vivi\u00f3 el\nD\u00eda Internacional del Agua, celebrado este 22 de marzo, sin las facilidades de\ncontar con el vital l\u00edquido.<\/p>\n\n\n\n<p>Hasta el momento, el restablecimiento\ndel servicio \u00fanicamente ha quedado en la encomienda directa del presidente\nAndr\u00e9s Manuel L\u00f3pez Obrador al gobernador Alejandro Murat para solucione el\nproblema y en las promesas del gobierno del estado de Oaxaca de resolverlo.<\/p>\n","protected":false},"excerpt":{"rendered":"<p>Yuridiana Sosa\/Zona Roja. Oaxaca de Ju\u00e1rez, Oax., 24 de marzo de 2020.- Frente al estado&hellip;<\/p>\n","protected":false},"author":2,"featured_media":9917,"comment_status":"closed","ping_status":"open","sticky":false,"template":"","format":"standard","meta":{"_lmt_disableupdate":"","_lmt_disable":"","_jetpack_memberships_contains_paid_content":false,"footnotes":""},"categories":[109,47],"tags":[501],"class_list":["post-10225","post","type-post","status-publish","format-standard","has-post-thumbnail","hentry","category-minuto-a-minuto","category-zona-gris","tag-san-pedro-y-san-pablo-ayutla-mixe"],"jetpack_featured_media_url":"https:\/\/zonaroja.com.mx\/wp-content\/uploads\/2020\/03\/Manantial-Ayutla-Mixe.jpg","jetpack_sharing_enabled":true,"_links":{"self":[{"href":"https:\/\/zonaroja.com.mx\/index.php?rest_route=\/wp\/v2\/posts\/10225","targetHints":{"allow":["GET"]}}],"collection":[{"href":"https:\/\/zonaroja.com.mx\/index.php?rest_route=\/wp\/v2\/posts"}],"about":[{"href":"https:\/\/zonaroja.com.mx\/index.php?rest_route=\/wp\/v2\/types\/post"}],"author":[{"embeddable":true,"href":"https:\/\/zonaroja.com.mx\/index.php?rest_route=\/wp\/v2\/users\/2"}],"replies":[{"embeddable":true,"href":"https:\/\/zonaroja.com.mx\/index.php?rest_route=%2Fwp%2Fv2%2Fcomments&post=10225"}],"version-history":[{"count":1,"href":"https:\/\/zonaroja.com.mx\/index.php?rest_route=\/wp\/v2\/posts\/10225\/revisions"}],"predecessor-version":[{"id":10226,"href":"https:\/\/zonaroja.com.mx\/index.php?rest_route=\/wp\/v2\/posts\/10225\/revisions\/10226"}],"wp:featuredmedia":[{"embeddable":true,"href":"https:\/\/zonaroja.com.mx\/index.php?rest_route=\/wp\/v2\/media\/9917"}],"wp:attachment":[{"href":"https:\/\/zonaroja.com.mx\/index.php?rest_route=%2Fwp%2Fv2%2Fmedia&parent=10225"}],"wp:term":[{"taxonomy":"category","embeddable":true,"href":"https:\/\/zonaroja.com.mx\/index.php?rest_route=%2Fwp%2Fv2%2Fcategories&post=10225"},{"taxonomy":"post_tag","embeddable":true,"href":"https:\/\/zonaroja.com.mx\/index.php?rest_route=%2Fwp%2Fv2%2Ftags&post=10225"}],"curies":[{"name":"wp","href":"https:\/\/api.w.org\/{rel}","templated":true}]}}