{"id":10227,"date":"2020-03-24T17:36:23","date_gmt":"2020-03-24T23:36:23","guid":{"rendered":"http:\/\/www.zonaroja.com.mx\/?p=10227"},"modified":"2020-03-24T17:36:27","modified_gmt":"2020-03-24T23:36:27","slug":"denuncian-contaminacion-y-muerte-masiva-de-camarones-en-barra-de-copalita","status":"publish","type":"post","link":"https:\/\/zonaroja.com.mx\/?p=10227","title":{"rendered":"Denuncian contaminaci\u00f3n y muerte masiva de camarones en Barra de Copalita"},"content":{"rendered":"\n<p>Evlin Arag\u00f3n\/Zona Roja.<\/p>\n\n\n\n<p>Oaxaca de Ju\u00e1rez, Oax., 24 de marzo de\n2020.- El pasado domingo 22 de marzo y en plena conmemoraci\u00f3n del D\u00eda Mundial\ndel Agua, fue reportada de forma inusual la presencia masiva de camarones en la\norilla del r\u00edo \u201cCopalita\u201d ubicado en el municipio de San Miguel Puerto, en la\nregi\u00f3n de la Costa, en donde cada fin de semana las familias de la zona se\nre\u00fanen a convivir.<\/p>\n\n\n\n<p>La denuncia que de primera cuenta fue\nreferida en las redes sociales, fue confirmada por las autoridades de la\nagencia municipal de Barra de Copalita, quienes detallaron que lamentablemente\nes com\u00fan que en esta temporada se realicen malas pr\u00e1cticas para capturar con\nmayor facilidad langostinos, tambi\u00e9n conocidos como chacales.<\/p>\n\n\n\n<p>\u201cDado los antecedentes de las malas pr\u00e1cticas en esta temporada, se sospecha un posible contaminante de alg\u00fan pesticida utilizado con el fin de capturar langostinos con m\u00e1s facilidad\u201d, enuncian en la p\u00e1gina oficial de la localidad.<\/p>\n\n\n\n<figure class=\"wp-block-image\"><img decoding=\"async\" width=\"1024\" height=\"498\" src=\"http:\/\/www.zonaroja.com.mx\/wp-content\/uploads\/2020\/03\/R\u00edo-Copalita-1-1024x498.jpg\" alt=\"\" class=\"wp-image-10229\" srcset=\"https:\/\/zonaroja.com.mx\/wp-content\/uploads\/2020\/03\/R\u00edo-Copalita-1-1024x498.jpg 1024w, https:\/\/zonaroja.com.mx\/wp-content\/uploads\/2020\/03\/R\u00edo-Copalita-1-300x146.jpg 300w, https:\/\/zonaroja.com.mx\/wp-content\/uploads\/2020\/03\/R\u00edo-Copalita-1-768x373.jpg 768w, https:\/\/zonaroja.com.mx\/wp-content\/uploads\/2020\/03\/R\u00edo-Copalita-1-1170x569.jpg 1170w, https:\/\/zonaroja.com.mx\/wp-content\/uploads\/2020\/03\/R\u00edo-Copalita-1-585x284.jpg 585w, https:\/\/zonaroja.com.mx\/wp-content\/uploads\/2020\/03\/R\u00edo-Copalita-1.jpg 1280w\" sizes=\"(max-width: 1024px) 100vw, 1024px\" \/><\/figure>\n\n\n\n<p>Esta situaci\u00f3n no solamente puso en\nriesgo al medio ambiente, sino a la poblaci\u00f3n en general ya que hubo familias\nque capturaron a los camarones con el fin de consumirlos por lo que se alert\u00f3\ntambi\u00e9n a tomar precauciones para evitar consecuencias en su salud.<\/p>\n\n\n\n<p>Los camarones no fueron la \u00fanica\nespecie que result\u00f3 con afectaciones, ya que tambi\u00e9n murieron peces en el\nlugar, como lo confirmaron autoridades y personal de la Jurisdicci\u00f3n Sanitaria\nadscrita a Huatulco, que tom\u00f3 las pruebas necesarias para realizar los estudios\nde laboratorio y determinar el posible qu\u00edmico utilizado.<\/p>\n\n\n\n<p>\u201cSe tomar\u00e1n cartas en el asunto para\nquien o quienes resulten responsables de \u00e9ste ecocidio. La reprobable acci\u00f3n e\nimpacto al ecosistema del r\u00edo \u201cCopalita\u201d result\u00f3 con una total mortalidad de\ncamarones y peces\u201d, explicaron las autoridades.<\/p>\n\n\n\n<p>Desde hace un par de a\u00f1os, habitantes\nde la zona han denunciado que el r\u00edo cada vez cuenta con menos agua, a esto se\nle suma las malas pr\u00e1cticas en la pesca de especies acu\u00e1ticas como la m\u00e1s\nreciente que contribuye a la desaparici\u00f3n del ecosistema como se conoc\u00eda antes.<\/p>\n\n\n\n<p>A pesar de la denuncia en las redes\nsociales, dos d\u00edas han pasado sin que las autoridades de protecci\u00f3n al medio\nambiente se pronuncien, ello pese a que entre el domingo y lunes habitantes de\nla comunidad recogieron m\u00e1s de 350 kilos de crust\u00e1ceos muertos y contaminados.<\/p>\n","protected":false},"excerpt":{"rendered":"<p>Evlin Arag\u00f3n\/Zona Roja. Oaxaca de Ju\u00e1rez, Oax., 24 de marzo de 2020.- El pasado domingo&hellip;<\/p>\n","protected":false},"author":2,"featured_media":10228,"comment_status":"closed","ping_status":"open","sticky":false,"template":"","format":"standard","meta":{"_lmt_disableupdate":"","_lmt_disable":"","_jetpack_memberships_contains_paid_content":false,"footnotes":""},"categories":[109,47],"tags":[1553],"class_list":["post-10227","post","type-post","status-publish","format-standard","has-post-thumbnail","hentry","category-minuto-a-minuto","category-zona-gris","tag-mortandad-rio-copalita"],"jetpack_featured_media_url":"https:\/\/zonaroja.com.mx\/wp-content\/uploads\/2020\/03\/R\u00edo-Copalita-2.jpg","jetpack_sharing_enabled":true,"_links":{"self":[{"href":"https:\/\/zonaroja.com.mx\/index.php?rest_route=\/wp\/v2\/posts\/10227","targetHints":{"allow":["GET"]}}],"collection":[{"href":"https:\/\/zonaroja.com.mx\/index.php?rest_route=\/wp\/v2\/posts"}],"about":[{"href":"https:\/\/zonaroja.com.mx\/index.php?rest_route=\/wp\/v2\/types\/post"}],"author":[{"embeddable":true,"href":"https:\/\/zonaroja.com.mx\/index.php?rest_route=\/wp\/v2\/users\/2"}],"replies":[{"embeddable":true,"href":"https:\/\/zonaroja.com.mx\/index.php?rest_route=%2Fwp%2Fv2%2Fcomments&post=10227"}],"version-history":[{"count":1,"href":"https:\/\/zonaroja.com.mx\/index.php?rest_route=\/wp\/v2\/posts\/10227\/revisions"}],"predecessor-version":[{"id":10230,"href":"https:\/\/zonaroja.com.mx\/index.php?rest_route=\/wp\/v2\/posts\/10227\/revisions\/10230"}],"wp:featuredmedia":[{"embeddable":true,"href":"https:\/\/zonaroja.com.mx\/index.php?rest_route=\/wp\/v2\/media\/10228"}],"wp:attachment":[{"href":"https:\/\/zonaroja.com.mx\/index.php?rest_route=%2Fwp%2Fv2%2Fmedia&parent=10227"}],"wp:term":[{"taxonomy":"category","embeddable":true,"href":"https:\/\/zonaroja.com.mx\/index.php?rest_route=%2Fwp%2Fv2%2Fcategories&post=10227"},{"taxonomy":"post_tag","embeddable":true,"href":"https:\/\/zonaroja.com.mx\/index.php?rest_route=%2Fwp%2Fv2%2Ftags&post=10227"}],"curies":[{"name":"wp","href":"https:\/\/api.w.org\/{rel}","templated":true}]}}