{"id":10241,"date":"2020-03-24T22:29:17","date_gmt":"2020-03-25T04:29:17","guid":{"rendered":"http:\/\/www.zonaroja.com.mx\/?p=10241"},"modified":"2020-03-24T22:29:30","modified_gmt":"2020-03-25T04:29:30","slug":"acata-congreso-medidas-por-coronavirus-pide-al-gobierno-mas-acciones","status":"publish","type":"post","link":"https:\/\/zonaroja.com.mx\/?p=10241","title":{"rendered":"Acata Congreso medidas por coronavirus; pide al gobierno m\u00e1s acciones"},"content":{"rendered":"\n<p>Redacci\u00f3n\/Zona Roja.<\/p>\n\n\n\n<p>Oaxaca de Ju\u00e1rez, Oax. 24 de marzo de\n2020.- El Congreso del Estado de Oaxaca anunci\u00f3 su determinaci\u00f3n de acatar las\nmedidas decretadas a nivel nacional para prevenir los contagios por\ncoronavirus, por lo que prev\u00e9 cancelar la sesi\u00f3n ordinaria de este mi\u00e9rcoles.<\/p>\n\n\n\n<p>Asimismo, exhort\u00f3 a las instituciones\np\u00fablicas en la entidad a hacer eficientes las medidas preventivas ante la\nalerta sanitaria por el contagio del coronavirus (Covid-19) en la entidad.<\/p>\n\n\n\n<p>Recientemente, el presidente de la\nJunta de Coordinaci\u00f3n Pol\u00edtica, Horacio Sosa Villavicencio, mostr\u00f3 el respaldo\nde la 64 Legislatura hacia el actuar de la Secretar\u00eda de Salud de Oaxaca y\nconvoc\u00f3 a todos los actores, a unir esfuerzos ante la contingencia sanitaria.<\/p>\n\n\n\n<p>Los legisladores pidieron asimismo a la\nSecretar\u00eda de Seguridad P\u00fablica de Oaxaca (Sspo), para que en coordinaci\u00f3n con\nlas autoridades sanitarias de la entidad, garanticen el derecho a la\ninformaci\u00f3n culturalmente adecuada y oportuna de las personas privadas de la\nlibertad en los distintos centros penitenciarios del estado.<\/p>\n\n\n\n<p>A la Secretar\u00eda de Movilidad (Semovi),\nsolicitaron coordinar de forma inmediata con los concesionarios del servicio de\ntransporte de pasajeros en el estado, las acciones preventivas necesarias para\nevitar la propagaci\u00f3n del contagio, entre las personas usuarias del transporte\np\u00fablico.<\/p>\n\n\n\n<p>A las autoridades de los 570\nayuntamientos, se les solicit\u00f3 que junto a autoridades de salud adopten un plan\ncon medidas restrictivas y espec\u00edficas para la contenci\u00f3n del Coronavirus.<\/p>\n\n\n\n<p>A los organismos operadores\nmunicipales, intermunicipales y a la Comisi\u00f3n Estatal del Agua (Cea), pidieron\nque bajo ninguna circunstancia restrinjan o suspendan el servicio al usuario ya\nsea por falta de pago de cuotas o tarifas por servicio p\u00fablico de agua potable,\nm\u00e1xime porque la Organizaci\u00f3n Mundial de la Salud ha declarado como acci\u00f3n\nrelevante, para prevenir el contagio del Covid-19, lavarse las manos con\nfrecuencia.<\/p>\n\n\n\n<p>Asimismo, exhortaron a la Secretar\u00eda\nGeneral de Gobierno y de Salud, para que persuadan, dentro de sus facultades y\nen cumplimiento a sus obligaciones, a los municipios respecto a la jornada de \u201cSana\nDistancia\u201d, sobre todo durante la realizaci\u00f3n de fiestas patronales, ferias,\ncalendas o cualquier evento masivo.<\/p>\n","protected":false},"excerpt":{"rendered":"<p>Redacci\u00f3n\/Zona Roja. Oaxaca de Ju\u00e1rez, Oax. 24 de marzo de 2020.- El Congreso del Estado&hellip;<\/p>\n","protected":false},"author":2,"featured_media":10242,"comment_status":"closed","ping_status":"open","sticky":false,"template":"","format":"standard","meta":{"_lmt_disableupdate":"","_lmt_disable":"","_jetpack_memberships_contains_paid_content":false,"footnotes":""},"categories":[109,46],"tags":[213,1512],"class_list":["post-10241","post","type-post","status-publish","format-standard","has-post-thumbnail","hentry","category-minuto-a-minuto","category-zona-blanca","tag-64-legislatura-de-oaxaca","tag-coronavirus-oaxaca"],"jetpack_featured_media_url":"https:\/\/zonaroja.com.mx\/wp-content\/uploads\/2020\/03\/DSC_6268.jpg","jetpack_sharing_enabled":true,"_links":{"self":[{"href":"https:\/\/zonaroja.com.mx\/index.php?rest_route=\/wp\/v2\/posts\/10241","targetHints":{"allow":["GET"]}}],"collection":[{"href":"https:\/\/zonaroja.com.mx\/index.php?rest_route=\/wp\/v2\/posts"}],"about":[{"href":"https:\/\/zonaroja.com.mx\/index.php?rest_route=\/wp\/v2\/types\/post"}],"author":[{"embeddable":true,"href":"https:\/\/zonaroja.com.mx\/index.php?rest_route=\/wp\/v2\/users\/2"}],"replies":[{"embeddable":true,"href":"https:\/\/zonaroja.com.mx\/index.php?rest_route=%2Fwp%2Fv2%2Fcomments&post=10241"}],"version-history":[{"count":1,"href":"https:\/\/zonaroja.com.mx\/index.php?rest_route=\/wp\/v2\/posts\/10241\/revisions"}],"predecessor-version":[{"id":10243,"href":"https:\/\/zonaroja.com.mx\/index.php?rest_route=\/wp\/v2\/posts\/10241\/revisions\/10243"}],"wp:featuredmedia":[{"embeddable":true,"href":"https:\/\/zonaroja.com.mx\/index.php?rest_route=\/wp\/v2\/media\/10242"}],"wp:attachment":[{"href":"https:\/\/zonaroja.com.mx\/index.php?rest_route=%2Fwp%2Fv2%2Fmedia&parent=10241"}],"wp:term":[{"taxonomy":"category","embeddable":true,"href":"https:\/\/zonaroja.com.mx\/index.php?rest_route=%2Fwp%2Fv2%2Fcategories&post=10241"},{"taxonomy":"post_tag","embeddable":true,"href":"https:\/\/zonaroja.com.mx\/index.php?rest_route=%2Fwp%2Fv2%2Ftags&post=10241"}],"curies":[{"name":"wp","href":"https:\/\/api.w.org\/{rel}","templated":true}]}}