{"id":10244,"date":"2020-03-25T07:57:45","date_gmt":"2020-03-25T13:57:45","guid":{"rendered":"http:\/\/www.zonaroja.com.mx\/?p=10244"},"modified":"2020-03-25T07:57:48","modified_gmt":"2020-03-25T13:57:48","slug":"madrugan-a-policia-de-xoxocotlan-oaxaca-y-saquean-tienda-chedraui","status":"publish","type":"post","link":"https:\/\/zonaroja.com.mx\/?p=10244","title":{"rendered":"Madrugan a polic\u00eda de Xoxocotl\u00e1n, Oaxaca, y saquean tienda Chedraui"},"content":{"rendered":"\n<p>Redacci\u00f3n\/Zona\nRoja.<\/p>\n\n\n\n<p>Oaxaca de\nJu\u00e1rez, Oax., 25 de marzo de 2020.- Ante la nula vigilancia de la polic\u00eda\nmunicipal, pese a ser una zona transitada y de diversos comercios establecidos,\nsujetos desconocidos saquearon la tienda Chedraui ubicada en Santa Cruz Xoxocotl\u00e1n.<\/p>\n\n\n\n<p>Los hechos ocurrieron\nalrededor de las 02:30 horas de este mi\u00e9rcoles, cuando al menos 30 sujetos\nembozados, con palos y fierros en mano, llegaron al centro comercial ubicado a\nun costado del bulevar Guadalupe Hinojosa, conurbado a la ciudad de Oaxaca.<\/p>\n\n\n\n<p>Arribaron a\nbordo de al menos cuatro camionetas y unas ocho a 10 motocicletas y tras romper\nlos cristales, robaron varios art\u00edculos electr\u00f3nicos, luego de lo cual huyeron.\n<\/p>\n\n\n\n<p>Seg\u00fan trascendi\u00f3, al igual que ha sucedido en otras entidades del pa\u00eds, se pusieron de acuerdo para cometer el delito.<\/p>\n\n\n\n<figure class=\"wp-block-image\"><img decoding=\"async\" width=\"639\" height=\"347\" src=\"http:\/\/www.zonaroja.com.mx\/wp-content\/uploads\/2020\/03\/Saqueo-Chedrahui-Xoxo-1.jpg\" alt=\"\" class=\"wp-image-10246\" srcset=\"https:\/\/zonaroja.com.mx\/wp-content\/uploads\/2020\/03\/Saqueo-Chedrahui-Xoxo-1.jpg 639w, https:\/\/zonaroja.com.mx\/wp-content\/uploads\/2020\/03\/Saqueo-Chedrahui-Xoxo-1-300x163.jpg 300w, https:\/\/zonaroja.com.mx\/wp-content\/uploads\/2020\/03\/Saqueo-Chedrahui-Xoxo-1-585x318.jpg 585w\" sizes=\"(max-width: 639px) 100vw, 639px\" \/><\/figure>\n\n\n\n<p>A trav\u00e9s de la\ncuenta de Facebook de Adri\u00e1n Sol\u00eds en Oaxaca Pregunt\u00f3n, as\u00ed fue la convocatoria:\n\u201cVoy a hacer un grupo para saquear tiendas comerciales, alguien se anima dejen\nsus n\u00fameros para ponernos de acuerdo cuando y a que hora\u201d.<\/p>\n\n\n\n<p>En\nentrevista con el noticiario de Radio ORO, que conduce el periodista Humberto\nCruz Mat\u00edas, el edil de Santa Cruz Xoxocotl\u00e1n, Alejandro L\u00f3pez Jarqu\u00edn,\nreconoci\u00f3 que con el apoyo de la Secretar\u00eda de Seguridad P\u00fablica, fueron\ncapturadas cuatro personas y puestas a disposici\u00f3n de la Fiscal\u00eda General del\nEstado.<\/p>\n\n\n\n<p>Indic\u00f3 que\nlos probables delincuentes no son de Xoxocotl\u00e1n y que tendr\u00edan entre 20 y 30\na\u00f1os de edad; reconoci\u00f3 que el atraco dur\u00f3 alrededor de 10 minutos y justific\u00f3\nque la polic\u00eda municipal no se dio cuenta a tiempo \u201cporque el centro comercial\nest\u00e1 a unos 300 metros de la carretera, con un estacionamiento de por medio\u201d.<\/p>\n","protected":false},"excerpt":{"rendered":"<p>Redacci\u00f3n\/Zona Roja. Oaxaca de Ju\u00e1rez, Oax., 25 de marzo de 2020.- Ante la nula vigilancia&hellip;<\/p>\n","protected":false},"author":2,"featured_media":10245,"comment_status":"closed","ping_status":"open","sticky":false,"template":"","format":"standard","meta":{"_lmt_disableupdate":"","_lmt_disable":"","_jetpack_memberships_contains_paid_content":false,"footnotes":""},"categories":[109,51],"tags":[1555],"class_list":["post-10244","post","type-post","status-publish","format-standard","has-post-thumbnail","hentry","category-minuto-a-minuto","category-zona-roja","tag-saqueo-chedraui-xoxocotlan"],"jetpack_featured_media_url":"https:\/\/zonaroja.com.mx\/wp-content\/uploads\/2020\/03\/Saqueo-Chedrahui-Xoxo-2.jpg","jetpack_sharing_enabled":true,"_links":{"self":[{"href":"https:\/\/zonaroja.com.mx\/index.php?rest_route=\/wp\/v2\/posts\/10244","targetHints":{"allow":["GET"]}}],"collection":[{"href":"https:\/\/zonaroja.com.mx\/index.php?rest_route=\/wp\/v2\/posts"}],"about":[{"href":"https:\/\/zonaroja.com.mx\/index.php?rest_route=\/wp\/v2\/types\/post"}],"author":[{"embeddable":true,"href":"https:\/\/zonaroja.com.mx\/index.php?rest_route=\/wp\/v2\/users\/2"}],"replies":[{"embeddable":true,"href":"https:\/\/zonaroja.com.mx\/index.php?rest_route=%2Fwp%2Fv2%2Fcomments&post=10244"}],"version-history":[{"count":1,"href":"https:\/\/zonaroja.com.mx\/index.php?rest_route=\/wp\/v2\/posts\/10244\/revisions"}],"predecessor-version":[{"id":10247,"href":"https:\/\/zonaroja.com.mx\/index.php?rest_route=\/wp\/v2\/posts\/10244\/revisions\/10247"}],"wp:featuredmedia":[{"embeddable":true,"href":"https:\/\/zonaroja.com.mx\/index.php?rest_route=\/wp\/v2\/media\/10245"}],"wp:attachment":[{"href":"https:\/\/zonaroja.com.mx\/index.php?rest_route=%2Fwp%2Fv2%2Fmedia&parent=10244"}],"wp:term":[{"taxonomy":"category","embeddable":true,"href":"https:\/\/zonaroja.com.mx\/index.php?rest_route=%2Fwp%2Fv2%2Fcategories&post=10244"},{"taxonomy":"post_tag","embeddable":true,"href":"https:\/\/zonaroja.com.mx\/index.php?rest_route=%2Fwp%2Fv2%2Ftags&post=10244"}],"curies":[{"name":"wp","href":"https:\/\/api.w.org\/{rel}","templated":true}]}}