{"id":10251,"date":"2020-03-25T09:42:51","date_gmt":"2020-03-25T15:42:51","guid":{"rendered":"http:\/\/www.zonaroja.com.mx\/?p=10251"},"modified":"2020-03-25T09:42:55","modified_gmt":"2020-03-25T15:42:55","slug":"el-poder-judicial-de-oaxaca-promueve-politicas-transversales-a-favor-de-mujeres","status":"publish","type":"post","link":"https:\/\/zonaroja.com.mx\/?p=10251","title":{"rendered":"El Poder Judicial de Oaxaca promueve pol\u00edticas transversales a favor de mujeres"},"content":{"rendered":"\n<p>Redacci\u00f3n\/Zona\nRoja.<\/p>\n\n\n\n<p>Oaxaca\nde Ju\u00e1rez, Oax., 25 de marzo de 2020.- Como parte de la campa\u00f1a \u2018\u00danete\u2019 y la\nconmemoraci\u00f3n del D\u00eda Naranja el 25 de cada mes, impulsado desde 2008 por la\nOrganizaci\u00f3n de las Naciones Unidas (ONU), el Poder Judicial del Estado, que\npreside el magistrado Eduardo Pinacho S\u00e1nchez, impulsa de forma permanente\ndiferentes acciones para sensibilizar al personal y a la sociedad civil sobre\nla importancia de prevenir, atender, sancionar y eliminar la violencia hacia\nlas mujeres y ni\u00f1as.<\/p>\n\n\n\n<p>En\neste compromiso, la instituci\u00f3n encargada de administrar justicia forma parte\ndel Sistema Estatal para la Prevenci\u00f3n, Atenci\u00f3n, Sanci\u00f3n y Erradicaci\u00f3n de la\nViolencia contra las Mujeres y del Sistema Estatal para la Igualdad entre\nMujeres y Hombres de Oaxaca, los cuales trabajan para eliminar todo tipo de\nagresi\u00f3n hacia este sector de la sociedad, adem\u00e1s de generar condiciones que\npermitan su completo y sano desarrollo en los diversos \u00e1mbitos de la vida.<\/p>\n\n\n\n<p>De\nigual forma, el Poder Judicial del Estado es integrante del Comit\u00e9 de\nSeguimiento a la Alerta de Violencia de G\u00e9nero Contra las Mujeres (AVGM),\ndeclarada en agosto de 2018 para la entidad y en enero del presente a\u00f1o\nconform\u00f3 la Comisi\u00f3n de Derechos Humanos e Igualdad de G\u00e9nero, presidida por la\nmagistrada Gregoria Hortensia Castellanos Ch\u00e1vez e integrada por las\nmagistradas Maribel Mendoza Flores, Alma L\u00f3pez V\u00e1squez y el magistrado Ricardo\nPorfirio Sibaja Ilescas.<\/p>\n\n\n\n<p>Uno\nde los objetivos de dicha comisi\u00f3n es transversalizar la perspectiva de g\u00e9nero\nen la labor que realiza la instituci\u00f3n y promover espacios que permitan el\nintercambio y la difusi\u00f3n de buenas pr\u00e1cticas en la materia, adem\u00e1s de generar\nacciones orientadas a la prevenci\u00f3n, atenci\u00f3n y erradicaci\u00f3n de tratos\ndiscriminatorios o violentos hacia el sector femenino.<\/p>\n\n\n\n<p>De\nacuerdo con las \u00faltimas cifras del Banco Nacional de Datos e Informaci\u00f3n sobre\nCasos de Violencia contra las Mujeres (BANAVIM), a nivel nacional se tiene un\nregistro de 564 mil 563 casos, de los cuales en Oaxaca, se contabilizan 3 mil\n603 casos de violencia contra la mujer, de los cuales 2 mil 606 corresponden a\nagresiones realizadas por un hombre y s\u00f3lo 93 por otra mujer.<\/p>\n\n\n\n<p>El\nPoder Judicial del Estado ha adoptado los derechos humanos como uno de los\nprincipales ejes para desarrollar sus funciones, con mayor \u00e9nfasis en los\nderechos de las mujeres, los ni\u00f1os, ni\u00f1as y adolescentes, a trav\u00e9s de la\ncapacitaci\u00f3n de los funcionarios judiciales y pol\u00edticas institucionales para\nincorporar la perspectiva de g\u00e9nero al interior de la instituci\u00f3n.<\/p>\n","protected":false},"excerpt":{"rendered":"<p>Redacci\u00f3n\/Zona Roja. Oaxaca de Ju\u00e1rez, Oax., 25 de marzo de 2020.- Como parte de la&hellip;<\/p>\n","protected":false},"author":2,"featured_media":10252,"comment_status":"closed","ping_status":"open","sticky":false,"template":"","format":"standard","meta":{"_lmt_disableupdate":"","_lmt_disable":"","_jetpack_memberships_contains_paid_content":false,"footnotes":""},"categories":[109],"tags":[1369],"class_list":["post-10251","post","type-post","status-publish","format-standard","has-post-thumbnail","hentry","category-minuto-a-minuto","tag-tribunal-superior-de-justicia-de-oaxacatsejo"],"jetpack_featured_media_url":"https:\/\/zonaroja.com.mx\/wp-content\/uploads\/2020\/03\/03-TRIBUNAL.jpg","jetpack_sharing_enabled":true,"_links":{"self":[{"href":"https:\/\/zonaroja.com.mx\/index.php?rest_route=\/wp\/v2\/posts\/10251","targetHints":{"allow":["GET"]}}],"collection":[{"href":"https:\/\/zonaroja.com.mx\/index.php?rest_route=\/wp\/v2\/posts"}],"about":[{"href":"https:\/\/zonaroja.com.mx\/index.php?rest_route=\/wp\/v2\/types\/post"}],"author":[{"embeddable":true,"href":"https:\/\/zonaroja.com.mx\/index.php?rest_route=\/wp\/v2\/users\/2"}],"replies":[{"embeddable":true,"href":"https:\/\/zonaroja.com.mx\/index.php?rest_route=%2Fwp%2Fv2%2Fcomments&post=10251"}],"version-history":[{"count":1,"href":"https:\/\/zonaroja.com.mx\/index.php?rest_route=\/wp\/v2\/posts\/10251\/revisions"}],"predecessor-version":[{"id":10253,"href":"https:\/\/zonaroja.com.mx\/index.php?rest_route=\/wp\/v2\/posts\/10251\/revisions\/10253"}],"wp:featuredmedia":[{"embeddable":true,"href":"https:\/\/zonaroja.com.mx\/index.php?rest_route=\/wp\/v2\/media\/10252"}],"wp:attachment":[{"href":"https:\/\/zonaroja.com.mx\/index.php?rest_route=%2Fwp%2Fv2%2Fmedia&parent=10251"}],"wp:term":[{"taxonomy":"category","embeddable":true,"href":"https:\/\/zonaroja.com.mx\/index.php?rest_route=%2Fwp%2Fv2%2Fcategories&post=10251"},{"taxonomy":"post_tag","embeddable":true,"href":"https:\/\/zonaroja.com.mx\/index.php?rest_route=%2Fwp%2Fv2%2Ftags&post=10251"}],"curies":[{"name":"wp","href":"https:\/\/api.w.org\/{rel}","templated":true}]}}